{"id":1181,"date":"2013-12-12T21:09:31","date_gmt":"2013-12-12T20:09:31","guid":{"rendered":"https:\/\/www.machinisme-actualites.com\/wpfr\/?p=1181"},"modified":"2013-12-13T10:23:00","modified_gmt":"2013-12-13T09:23:00","slug":"pourquoi-la-fnsea-crie-au-scandale-sur-le-vraifaux-calcul-du-revenu-des-agriculteurs","status":"publish","type":"post","link":"https:\/\/www.machinisme-actualites.com\/wpfr\/pourquoi-la-fnsea-crie-au-scandale-sur-le-vraifaux-calcul-du-revenu-des-agriculteurs\/","title":{"rendered":"Pourquoi la FNSEA crie au scandale sur \u201cle vrai\/faux calcul\u201d du revenu des agriculteurs"},"content":{"rendered":"<p><b>Les relations entre Xavier Beulin et St\u00e9phane Le Foll \u00e9taient pour le moins fraiches jusqu&rsquo;\u00e0 pr\u00e9sent. Cela ne devrait pas s&rsquo;arranger ! En effet, le torchon br\u00fble, un peu plus, entre le syndicat majoritaire et le ministre fran\u00e7ais de l&rsquo;agriculture. A l&rsquo;occasion de la publication des chiffres des revenus des agriculteurs pour 2013, hier, la FNSEA estime s&rsquo;\u00eatre rendue compte que les chiffres de 2012 \u00e9taient \u00ab\u00a0faux et archi-faux\u00a0\u00bb alors qu&rsquo;ils ont servi d&rsquo;arguments au minist\u00e8re pour faire adopter les m\u00e9canismes de la Pac au d\u00e9triment des c\u00e9r\u00e9aliers et qu&rsquo;ils ont pu \u00eatre une pierre de discorde entre \u00e9leveurs et producteurs de grandes cultures. On vous explique pourquoi.<\/b><\/p>\n<div class=\"pmpro\">\n<div class=\"pmpro_card pmpro_content_message\">\n<div class=\"pmpro_card_content\">Cet article est accessible uniquement aux abonn\u00e9s. <a href=\"https:\/\/www.machinisme-actualites.com\/wpfr\/login\/\">Cr\u00e9ez un compte ici<\/a>.<\/div>\n<div class=\"pmpro_card_actions pmpro_font-medium\">Already a member? <a href=\"https:\/\/www.machinisme-actualites.com\/wpfr\/login\/?redirect_to=https%3A%2F%2Fwww.machinisme-actualites.com%2Fwpfr%2Fpourquoi-la-fnsea-crie-au-scandale-sur-le-vraifaux-calcul-du-revenu-des-agriculteurs%2F\">Connectez-vous ici<\/a><\/div>\n<\/div>\n<\/div>\n","protected":false},"excerpt":{"rendered":"<p>Les relations entre Xavier Beulin et St\u00e9phane Le Foll \u00e9taient pour le moins fraiches jusqu&rsquo;\u00e0 pr\u00e9sent. Cela ne devrait pas s&rsquo;arranger ! En effet, le torchon br\u00fble, un peu plus, entre le syndicat majoritaire et le ministre fran\u00e7ais de l&rsquo;agriculture. A l&rsquo;occasion de la publication des chiffres des revenus des agriculteurs pour 2013, hier, la&hellip;... <\/p>\n<div class=\"pmpro\"><div class=\"pmpro_card pmpro_content_message\"><div class=\"pmpro_card_content\">Cet article est accessible uniquement aux abonn\u00e9s. <a href=\"https:\/\/www.machinisme-actualites.com\/wpfr\/login\/\">Cr\u00e9ez un compte ici<\/a>.<\/div><div class=\"pmpro_card_actions pmpro_font-medium\">Already a member? <a href=\"https:\/\/www.machinisme-actualites.com\/wpfr\/login\/?redirect_to=https%3A%2F%2Fwww.machinisme-actualites.com%2Fwpfr%2Fpourquoi-la-fnsea-crie-au-scandale-sur-le-vraifaux-calcul-du-revenu-des-agriculteurs%2F\">Connectez-vous ici<\/a><\/div><\/div><\/div>","protected":false},"author":659892,"featured_media":0,"comment_status":"closed","ping_status":"closed","sticky":false,"template":"","format":"standard","meta":{"pmpro_default_level":"","footnotes":""},"categories":[2],"tags":[367,603,606,416,604,600,601,599,605,598,602],"class_list":["post-1181","post","type-post","status-publish","format-standard","hentry","category-alaune","tag-agriculteur","tag-beulin","tag-ccan","tag-cerealier","tag-eleveur","tag-fnsea","tag-le-foll","tag-orama","tag-pac","tag-revenus","tag-stephane","pmpro-level-required","pmpro-level-1","pmpro-level-2","pmpro-level-3","pmpro-no-access","span_1_of_2","masonry-entry","col-","loop-entry col clr"],"_links":{"self":[{"href":"https:\/\/www.machinisme-actualites.com\/wpfr\/wp-json\/wp\/v2\/posts\/1181","targetHints":{"allow":["GET"]}}],"collection":[{"href":"https:\/\/www.machinisme-actualites.com\/wpfr\/wp-json\/wp\/v2\/posts"}],"about":[{"href":"https:\/\/www.machinisme-actualites.com\/wpfr\/wp-json\/wp\/v2\/types\/post"}],"author":[{"embeddable":true,"href":"https:\/\/www.machinisme-actualites.com\/wpfr\/wp-json\/wp\/v2\/users\/659892"}],"replies":[{"embeddable":true,"href":"https:\/\/www.machinisme-actualites.com\/wpfr\/wp-json\/wp\/v2\/comments?post=1181"}],"version-history":[{"count":4,"href":"https:\/\/www.machinisme-actualites.com\/wpfr\/wp-json\/wp\/v2\/posts\/1181\/revisions"}],"predecessor-version":[{"id":1185,"href":"https:\/\/www.machinisme-actualites.com\/wpfr\/wp-json\/wp\/v2\/posts\/1181\/revisions\/1185"}],"wp:attachment":[{"href":"https:\/\/www.machinisme-actualites.com\/wpfr\/wp-json\/wp\/v2\/media?parent=1181"}],"wp:term":[{"taxonomy":"category","embeddable":true,"href":"https:\/\/www.machinisme-actualites.com\/wpfr\/wp-json\/wp\/v2\/categories?post=1181"},{"taxonomy":"post_tag","embeddable":true,"href":"https:\/\/www.machinisme-actualites.com\/wpfr\/wp-json\/wp\/v2\/tags?post=1181"}],"curies":[{"name":"wp","href":"https:\/\/api.w.org\/{rel}","templated":true}]}}