{"id":1193,"date":"2013-12-17T15:18:24","date_gmt":"2013-12-17T14:18:24","guid":{"rendered":"https:\/\/www.machinisme-actualites.com\/wpfr\/?p=1193"},"modified":"2013-12-17T21:20:26","modified_gmt":"2013-12-17T20:20:26","slug":"quellesitr-perspectives-pour-claas","status":"publish","type":"post","link":"https:\/\/www.machinisme-actualites.com\/wpfr\/quellesitr-perspectives-pour-claas\/","title":{"rendered":"On en sait plus sur l&rsquo;accord Claas \/ Same Deutz Fahr !"},"content":{"rendered":"<p>Le groupe Claas se porte plut\u00f4t bien avec un chiffre d&rsquo;affaires (oct 2012 \/ sept 2013) de 3,825 milliards d&rsquo;euros (pour la premi\u00e8re fois provenant seulement de l&rsquo;activit\u00e9 agricole puisque que le groupe s&rsquo;est d\u00e9sengag\u00e9 des autres activit\u00e9s &#8211; CFT) et un r\u00e9sultat avant imp\u00f4t de 295 millions d&rsquo;euros. Le constructeur allemand apporte des pr\u00e9cisions sur la port\u00e9e de l&rsquo;accord sign\u00e9 avec le groupe Same Deutz Fahr.<\/p>\n<div class=\"pmpro\">\n<div class=\"pmpro_card pmpro_content_message\">\n<div class=\"pmpro_card_content\">Cet article est accessible uniquement aux abonn\u00e9s. <a href=\"https:\/\/www.machinisme-actualites.com\/wpfr\/login\/\">Cr\u00e9ez un compte ici<\/a>.<\/div>\n<div class=\"pmpro_card_actions pmpro_font-medium\">Already a member? <a href=\"https:\/\/www.machinisme-actualites.com\/wpfr\/login\/?redirect_to=https%3A%2F%2Fwww.machinisme-actualites.com%2Fwpfr%2Fquellesitr-perspectives-pour-claas%2F\">Connectez-vous ici<\/a><\/div>\n<\/div>\n<\/div>\n","protected":false},"excerpt":{"rendered":"<p>Le groupe Claas se porte plut\u00f4t bien avec un chiffre d&rsquo;affaires (oct 2012 \/ sept 2013) de 3,825 milliards d&rsquo;euros (pour la premi\u00e8re fois provenant seulement de l&rsquo;activit\u00e9 agricole puisque que le groupe s&rsquo;est d\u00e9sengag\u00e9 des autres activit\u00e9s &#8211; CFT) et un r\u00e9sultat avant imp\u00f4t de 295 millions d&rsquo;euros. Le constructeur allemand apporte des pr\u00e9cisions&hellip;... <\/p>\n<div class=\"pmpro\"><div class=\"pmpro_card pmpro_content_message\"><div class=\"pmpro_card_content\">Cet article est accessible uniquement aux abonn\u00e9s. <a href=\"https:\/\/www.machinisme-actualites.com\/wpfr\/login\/\">Cr\u00e9ez un compte ici<\/a>.<\/div><div class=\"pmpro_card_actions pmpro_font-medium\">Already a member? <a href=\"https:\/\/www.machinisme-actualites.com\/wpfr\/login\/?redirect_to=https%3A%2F%2Fwww.machinisme-actualites.com%2Fwpfr%2Fquellesitr-perspectives-pour-claas%2F\">Connectez-vous ici<\/a><\/div><\/div><\/div>","protected":false},"author":659892,"featured_media":0,"comment_status":"closed","ping_status":"closed","sticky":false,"template":"","format":"standard","meta":{"pmpro_default_level":"","footnotes":""},"categories":[2],"tags":[48,607,339],"class_list":["post-1193","post","type-post","status-publish","format-standard","hentry","category-alaune","tag-claas","tag-le-mans","tag-tracteur","pmpro-level-required","pmpro-level-1","pmpro-level-2","pmpro-level-3","pmpro-no-access","span_1_of_2","masonry-entry","col-","loop-entry col clr"],"_links":{"self":[{"href":"https:\/\/www.machinisme-actualites.com\/wpfr\/wp-json\/wp\/v2\/posts\/1193","targetHints":{"allow":["GET"]}}],"collection":[{"href":"https:\/\/www.machinisme-actualites.com\/wpfr\/wp-json\/wp\/v2\/posts"}],"about":[{"href":"https:\/\/www.machinisme-actualites.com\/wpfr\/wp-json\/wp\/v2\/types\/post"}],"author":[{"embeddable":true,"href":"https:\/\/www.machinisme-actualites.com\/wpfr\/wp-json\/wp\/v2\/users\/659892"}],"replies":[{"embeddable":true,"href":"https:\/\/www.machinisme-actualites.com\/wpfr\/wp-json\/wp\/v2\/comments?post=1193"}],"version-history":[{"count":19,"href":"https:\/\/www.machinisme-actualites.com\/wpfr\/wp-json\/wp\/v2\/posts\/1193\/revisions"}],"predecessor-version":[{"id":1199,"href":"https:\/\/www.machinisme-actualites.com\/wpfr\/wp-json\/wp\/v2\/posts\/1193\/revisions\/1199"}],"wp:attachment":[{"href":"https:\/\/www.machinisme-actualites.com\/wpfr\/wp-json\/wp\/v2\/media?parent=1193"}],"wp:term":[{"taxonomy":"category","embeddable":true,"href":"https:\/\/www.machinisme-actualites.com\/wpfr\/wp-json\/wp\/v2\/categories?post=1193"},{"taxonomy":"post_tag","embeddable":true,"href":"https:\/\/www.machinisme-actualites.com\/wpfr\/wp-json\/wp\/v2\/tags?post=1193"}],"curies":[{"name":"wp","href":"https:\/\/api.w.org\/{rel}","templated":true}]}}