{"id":1429,"date":"2014-03-07T14:56:36","date_gmt":"2014-03-07T13:56:36","guid":{"rendered":"https:\/\/www.machinisme-actualites.com\/wpfr\/?p=1429"},"modified":"2014-03-07T14:56:36","modified_gmt":"2014-03-07T13:56:36","slug":"le-chiffre-daffaires-de-kuhn-depasse-le-milliard-deuros","status":"publish","type":"post","link":"https:\/\/www.machinisme-actualites.com\/wpfr\/le-chiffre-daffaires-de-kuhn-depasse-le-milliard-deuros\/","title":{"rendered":"Le chiffre d&rsquo;affaires de Kuhn d\u00e9passe le milliard d&rsquo;euros"},"content":{"rendered":"<p>Le Groupe Kuhn a r\u00e9alis\u00e9 un chiffre d\u2019affaires en 2013 de 1, 05 milliard d\u2019euros (+ 3,3 % par rapport \u00e0 l\u2019ann\u00e9e pr\u00e9c\u00e9dente). A titre de comparaison, rappelons que le chiffre d&rsquo;affaire de l&rsquo;europ\u00e9en Claas est au moins trois fois sup\u00e9rieur et celui de John Deere trente fois plus \u00e9lev\u00e9&#8230;. <\/p>\n<div class=\"pmpro\">\n<div class=\"pmpro_card pmpro_content_message\">\n<div class=\"pmpro_card_content\">Cet article est accessible uniquement aux abonn\u00e9s. <a href=\"https:\/\/www.machinisme-actualites.com\/wpfr\/login\/\">Cr\u00e9ez un compte ici<\/a>.<\/div>\n<div class=\"pmpro_card_actions pmpro_font-medium\">Already a member? <a href=\"https:\/\/www.machinisme-actualites.com\/wpfr\/login\/?redirect_to=https%3A%2F%2Fwww.machinisme-actualites.com%2Fwpfr%2Fle-chiffre-daffaires-de-kuhn-depasse-le-milliard-deuros%2F\">Connectez-vous ici<\/a><\/div>\n<\/div>\n<\/div>\n","protected":false},"excerpt":{"rendered":"<p>Le Groupe Kuhn a r\u00e9alis\u00e9 un chiffre d\u2019affaires en 2013 de 1, 05 milliard d\u2019euros (+ 3,3 % par rapport \u00e0 l\u2019ann\u00e9e pr\u00e9c\u00e9dente). A titre de comparaison, rappelons que le chiffre d&rsquo;affaire de l&rsquo;europ\u00e9en Claas est au moins trois fois sup\u00e9rieur et celui de John Deere trente fois plus \u00e9lev\u00e9.... <\/p>\n<div class=\"pmpro\"><div class=\"pmpro_card pmpro_content_message\"><div class=\"pmpro_card_content\">Cet article est accessible uniquement aux abonn\u00e9s. <a href=\"https:\/\/www.machinisme-actualites.com\/wpfr\/login\/\">Cr\u00e9ez un compte ici<\/a>.<\/div><div class=\"pmpro_card_actions pmpro_font-medium\">Already a member? <a href=\"https:\/\/www.machinisme-actualites.com\/wpfr\/login\/?redirect_to=https%3A%2F%2Fwww.machinisme-actualites.com%2Fwpfr%2Fle-chiffre-daffaires-de-kuhn-depasse-le-milliard-deuros%2F\">Connectez-vous ici<\/a><\/div><\/div><\/div>","protected":false},"author":659892,"featured_media":0,"comment_status":"closed","ping_status":"closed","sticky":false,"template":"","format":"standard","meta":{"pmpro_default_level":"","footnotes":""},"categories":[3],"tags":[],"class_list":["post-1429","post","type-post","status-publish","format-standard","hentry","category-telex","pmpro-level-required","pmpro-level-1","pmpro-level-2","pmpro-level-3","pmpro-no-access","span_1_of_2","masonry-entry","col-","loop-entry col clr"],"_links":{"self":[{"href":"https:\/\/www.machinisme-actualites.com\/wpfr\/wp-json\/wp\/v2\/posts\/1429","targetHints":{"allow":["GET"]}}],"collection":[{"href":"https:\/\/www.machinisme-actualites.com\/wpfr\/wp-json\/wp\/v2\/posts"}],"about":[{"href":"https:\/\/www.machinisme-actualites.com\/wpfr\/wp-json\/wp\/v2\/types\/post"}],"author":[{"embeddable":true,"href":"https:\/\/www.machinisme-actualites.com\/wpfr\/wp-json\/wp\/v2\/users\/659892"}],"replies":[{"embeddable":true,"href":"https:\/\/www.machinisme-actualites.com\/wpfr\/wp-json\/wp\/v2\/comments?post=1429"}],"version-history":[{"count":2,"href":"https:\/\/www.machinisme-actualites.com\/wpfr\/wp-json\/wp\/v2\/posts\/1429\/revisions"}],"predecessor-version":[{"id":1432,"href":"https:\/\/www.machinisme-actualites.com\/wpfr\/wp-json\/wp\/v2\/posts\/1429\/revisions\/1432"}],"wp:attachment":[{"href":"https:\/\/www.machinisme-actualites.com\/wpfr\/wp-json\/wp\/v2\/media?parent=1429"}],"wp:term":[{"taxonomy":"category","embeddable":true,"href":"https:\/\/www.machinisme-actualites.com\/wpfr\/wp-json\/wp\/v2\/categories?post=1429"},{"taxonomy":"post_tag","embeddable":true,"href":"https:\/\/www.machinisme-actualites.com\/wpfr\/wp-json\/wp\/v2\/tags?post=1429"}],"curies":[{"name":"wp","href":"https:\/\/api.w.org\/{rel}","templated":true}]}}