{"id":1644,"date":"2014-04-01T18:56:09","date_gmt":"2014-04-01T16:56:09","guid":{"rendered":"https:\/\/www.machinisme-actualites.com\/wpfr\/?p=1644"},"modified":"2014-04-01T18:56:33","modified_gmt":"2014-04-01T16:56:33","slug":"topcon-nomme-deux-nouveaux-vice-presidents","status":"publish","type":"post","link":"https:\/\/www.machinisme-actualites.com\/wpfr\/topcon-nomme-deux-nouveaux-vice-presidents\/","title":{"rendered":"Topcon nomme deux nouveaux dirigeants"},"content":{"rendered":"<p>La soci\u00e9t\u00e9 Topcon Precision Agriculture (TPA) a annonc\u00e9 du changement dans son organigramme \u00e0 la fin du mois de mars. En effet, Michael Bourke a \u00e9t\u00e9 nomm\u00e9 vice-pr\u00e9sident des Ventes et Michael Gomes vice-pr\u00e9sident de la branche Business Development. Les deux hommes ont tous deux plus de 20 ans d\u2019exp\u00e9rience dans l\u2019industrie avec notamment des&#8230; <\/p>\n<div class=\"pmpro\">\n<div class=\"pmpro_card pmpro_content_message\">\n<div class=\"pmpro_card_content\">Cet article est accessible uniquement aux abonn\u00e9s. <a href=\"https:\/\/www.machinisme-actualites.com\/wpfr\/login\/\">Cr\u00e9ez un compte ici<\/a>.<\/div>\n<div class=\"pmpro_card_actions pmpro_font-medium\">Already a member? <a href=\"https:\/\/www.machinisme-actualites.com\/wpfr\/login\/?redirect_to=https%3A%2F%2Fwww.machinisme-actualites.com%2Fwpfr%2Ftopcon-nomme-deux-nouveaux-vice-presidents%2F\">Connectez-vous ici<\/a><\/div>\n<\/div>\n<\/div>\n","protected":false},"excerpt":{"rendered":"<p>La soci\u00e9t\u00e9 Topcon Precision Agriculture (TPA) a annonc\u00e9 du changement dans son organigramme \u00e0 la fin du mois de mars. En effet, Michael Bourke a \u00e9t\u00e9 nomm\u00e9 vice-pr\u00e9sident des Ventes et Michael Gomes vice-pr\u00e9sident de la branche Business Development. Les deux hommes ont tous deux plus de 20 ans d\u2019exp\u00e9rience dans l\u2019industrie avec notamment des&hellip;... <\/p>\n<div class=\"pmpro\"><div class=\"pmpro_card pmpro_content_message\"><div class=\"pmpro_card_content\">Cet article est accessible uniquement aux abonn\u00e9s. <a href=\"https:\/\/www.machinisme-actualites.com\/wpfr\/login\/\">Cr\u00e9ez un compte ici<\/a>.<\/div><div class=\"pmpro_card_actions pmpro_font-medium\">Already a member? <a href=\"https:\/\/www.machinisme-actualites.com\/wpfr\/login\/?redirect_to=https%3A%2F%2Fwww.machinisme-actualites.com%2Fwpfr%2Ftopcon-nomme-deux-nouveaux-vice-presidents%2F\">Connectez-vous ici<\/a><\/div><\/div><\/div>","protected":false},"author":659892,"featured_media":0,"comment_status":"closed","ping_status":"closed","sticky":false,"template":"","format":"standard","meta":{"pmpro_default_level":"","footnotes":""},"categories":[4],"tags":[],"class_list":["post-1644","post","type-post","status-publish","format-standard","hentry","category-international","pmpro-level-required","pmpro-level-1","pmpro-level-2","pmpro-level-3","pmpro-no-access","span_1_of_2","masonry-entry","col-","loop-entry col clr"],"_links":{"self":[{"href":"https:\/\/www.machinisme-actualites.com\/wpfr\/wp-json\/wp\/v2\/posts\/1644","targetHints":{"allow":["GET"]}}],"collection":[{"href":"https:\/\/www.machinisme-actualites.com\/wpfr\/wp-json\/wp\/v2\/posts"}],"about":[{"href":"https:\/\/www.machinisme-actualites.com\/wpfr\/wp-json\/wp\/v2\/types\/post"}],"author":[{"embeddable":true,"href":"https:\/\/www.machinisme-actualites.com\/wpfr\/wp-json\/wp\/v2\/users\/659892"}],"replies":[{"embeddable":true,"href":"https:\/\/www.machinisme-actualites.com\/wpfr\/wp-json\/wp\/v2\/comments?post=1644"}],"version-history":[{"count":3,"href":"https:\/\/www.machinisme-actualites.com\/wpfr\/wp-json\/wp\/v2\/posts\/1644\/revisions"}],"predecessor-version":[{"id":1648,"href":"https:\/\/www.machinisme-actualites.com\/wpfr\/wp-json\/wp\/v2\/posts\/1644\/revisions\/1648"}],"wp:attachment":[{"href":"https:\/\/www.machinisme-actualites.com\/wpfr\/wp-json\/wp\/v2\/media?parent=1644"}],"wp:term":[{"taxonomy":"category","embeddable":true,"href":"https:\/\/www.machinisme-actualites.com\/wpfr\/wp-json\/wp\/v2\/categories?post=1644"},{"taxonomy":"post_tag","embeddable":true,"href":"https:\/\/www.machinisme-actualites.com\/wpfr\/wp-json\/wp\/v2\/tags?post=1644"}],"curies":[{"name":"wp","href":"https:\/\/api.w.org\/{rel}","templated":true}]}}