{"id":1660,"date":"2014-04-03T14:50:13","date_gmt":"2014-04-03T12:50:13","guid":{"rendered":"https:\/\/www.machinisme-actualites.com\/wpfr\/?p=1660"},"modified":"2014-04-04T09:55:56","modified_gmt":"2014-04-04T07:55:56","slug":"le-marche-francais-des-agroequipements-seleve-a-un-niveau-record","status":"publish","type":"post","link":"https:\/\/www.machinisme-actualites.com\/wpfr\/le-marche-francais-des-agroequipements-seleve-a-un-niveau-record\/","title":{"rendered":"Le march\u00e9 fran\u00e7ais des agro\u00e9quipements s\u2019\u00e9l\u00e8ve \u00e0 un niveau record"},"content":{"rendered":"<p>Le march\u00e9 fran\u00e7ais des agro\u00e9quipements s\u2019\u00e9l\u00e8ve \u00e0 6 milliards d\u2019euros en 2013, un record jamais encore \u00e9gal\u00e9, selon un rapport Axema. Il r\u00e9alise une progression de 8,6% par rapport aux 5,5 milliards d\u2019euros factur\u00e9s en 2012. L&rsquo;ann\u00e9e 2014, bien que pr\u00e9vue \u00ab\u00a0positive\u00a0\u00bb, devrait cependant marquer un ralentissement. \u00ab\u00a0Cette performance\u00a0\u00bb, estime Axema, est li\u00e9e d\u2019une part&#8230; <\/p>\n<div class=\"pmpro\">\n<div class=\"pmpro_card pmpro_content_message\">\n<div class=\"pmpro_card_content\">Cet article est accessible uniquement aux abonn\u00e9s. <a href=\"https:\/\/www.machinisme-actualites.com\/wpfr\/login\/\">Cr\u00e9ez un compte ici<\/a>.<\/div>\n<div class=\"pmpro_card_actions pmpro_font-medium\">Already a member? <a href=\"https:\/\/www.machinisme-actualites.com\/wpfr\/login\/?redirect_to=https%3A%2F%2Fwww.machinisme-actualites.com%2Fwpfr%2Fle-marche-francais-des-agroequipements-seleve-a-un-niveau-record%2F\">Connectez-vous ici<\/a><\/div>\n<\/div>\n<\/div>\n","protected":false},"excerpt":{"rendered":"<p>Le march\u00e9 fran\u00e7ais des agro\u00e9quipements s\u2019\u00e9l\u00e8ve \u00e0 6 milliards d\u2019euros en 2013, un record jamais encore \u00e9gal\u00e9, selon un rapport Axema. Il r\u00e9alise une progression de 8,6% par rapport aux 5,5 milliards d\u2019euros factur\u00e9s en 2012. L&rsquo;ann\u00e9e 2014, bien que pr\u00e9vue \u00ab\u00a0positive\u00a0\u00bb, devrait cependant marquer un ralentissement. \u00ab\u00a0Cette performance\u00a0\u00bb, estime Axema, est li\u00e9e d\u2019une part&hellip;... <\/p>\n<div class=\"pmpro\"><div class=\"pmpro_card pmpro_content_message\"><div class=\"pmpro_card_content\">Cet article est accessible uniquement aux abonn\u00e9s. <a href=\"https:\/\/www.machinisme-actualites.com\/wpfr\/login\/\">Cr\u00e9ez un compte ici<\/a>.<\/div><div class=\"pmpro_card_actions pmpro_font-medium\">Already a member? <a href=\"https:\/\/www.machinisme-actualites.com\/wpfr\/login\/?redirect_to=https%3A%2F%2Fwww.machinisme-actualites.com%2Fwpfr%2Fle-marche-francais-des-agroequipements-seleve-a-un-niveau-record%2F\">Connectez-vous ici<\/a><\/div><\/div><\/div>","protected":false},"author":659892,"featured_media":0,"comment_status":"closed","ping_status":"closed","sticky":false,"template":"","format":"standard","meta":{"pmpro_default_level":"","footnotes":""},"categories":[2],"tags":[30,688,42,687],"class_list":["post-1660","post","type-post","status-publish","format-standard","hentry","category-alaune","tag-axema","tag-resultats","tag-tracteurs","tag-vente","pmpro-level-required","pmpro-level-1","pmpro-level-2","pmpro-level-3","pmpro-no-access","span_1_of_2","masonry-entry","col-","loop-entry col clr"],"_links":{"self":[{"href":"https:\/\/www.machinisme-actualites.com\/wpfr\/wp-json\/wp\/v2\/posts\/1660","targetHints":{"allow":["GET"]}}],"collection":[{"href":"https:\/\/www.machinisme-actualites.com\/wpfr\/wp-json\/wp\/v2\/posts"}],"about":[{"href":"https:\/\/www.machinisme-actualites.com\/wpfr\/wp-json\/wp\/v2\/types\/post"}],"author":[{"embeddable":true,"href":"https:\/\/www.machinisme-actualites.com\/wpfr\/wp-json\/wp\/v2\/users\/659892"}],"replies":[{"embeddable":true,"href":"https:\/\/www.machinisme-actualites.com\/wpfr\/wp-json\/wp\/v2\/comments?post=1660"}],"version-history":[{"count":8,"href":"https:\/\/www.machinisme-actualites.com\/wpfr\/wp-json\/wp\/v2\/posts\/1660\/revisions"}],"predecessor-version":[{"id":1664,"href":"https:\/\/www.machinisme-actualites.com\/wpfr\/wp-json\/wp\/v2\/posts\/1660\/revisions\/1664"}],"wp:attachment":[{"href":"https:\/\/www.machinisme-actualites.com\/wpfr\/wp-json\/wp\/v2\/media?parent=1660"}],"wp:term":[{"taxonomy":"category","embeddable":true,"href":"https:\/\/www.machinisme-actualites.com\/wpfr\/wp-json\/wp\/v2\/categories?post=1660"},{"taxonomy":"post_tag","embeddable":true,"href":"https:\/\/www.machinisme-actualites.com\/wpfr\/wp-json\/wp\/v2\/tags?post=1660"}],"curies":[{"name":"wp","href":"https:\/\/api.w.org\/{rel}","templated":true}]}}