{"id":1974,"date":"2014-04-25T15:32:09","date_gmt":"2014-04-25T13:32:09","guid":{"rendered":"https:\/\/www.machinisme-actualites.com\/wpfr\/?p=1974"},"modified":"2014-04-25T15:32:09","modified_gmt":"2014-04-25T13:32:09","slug":"fncuma-lassemblee-generale-aura-lieu-fin-mai-2014","status":"publish","type":"post","link":"https:\/\/www.machinisme-actualites.com\/wpfr\/fncuma-lassemblee-generale-aura-lieu-fin-mai-2014\/","title":{"rendered":"FNCUMA : l\u2019assembl\u00e9e g\u00e9n\u00e9rale aura lieu fin mai 2014"},"content":{"rendered":"<p>La F\u00e9d\u00e9ration Nationale des Cuma (coop\u00e9ratives d\u2019utilisation de mat\u00e9riel agricole) tient son assembl\u00e9e g\u00e9n\u00e9rale annuelle le mardi 27 mai prochain \u00e0 Charenton Le Pont (Val de Marne). Cette assembl\u00e9e sera suivie de la seconde \u00e9dition du Forum national des f\u00e9d\u00e9rations de Cuma, le 28 mai. L\u2019assembl\u00e9e g\u00e9n\u00e9rale de la FNCUMA,\u00a0\u2018\u2019au-del\u00e0 des aspects statutaires permet de&#8230; <\/p>\n<div class=\"pmpro\">\n<div class=\"pmpro_card pmpro_content_message\">\n<div class=\"pmpro_card_content\">Cet article est accessible uniquement aux abonn\u00e9s. <a href=\"https:\/\/www.machinisme-actualites.com\/wpfr\/login\/\">Cr\u00e9ez un compte ici<\/a>.<\/div>\n<div class=\"pmpro_card_actions pmpro_font-medium\">Already a member? <a href=\"https:\/\/www.machinisme-actualites.com\/wpfr\/login\/?redirect_to=https%3A%2F%2Fwww.machinisme-actualites.com%2Fwpfr%2Ffncuma-lassemblee-generale-aura-lieu-fin-mai-2014%2F\">Connectez-vous ici<\/a><\/div>\n<\/div>\n<\/div>\n","protected":false},"excerpt":{"rendered":"<p>La F\u00e9d\u00e9ration Nationale des Cuma (coop\u00e9ratives d\u2019utilisation de mat\u00e9riel agricole) tient son assembl\u00e9e g\u00e9n\u00e9rale annuelle le mardi 27 mai prochain \u00e0 Charenton Le Pont (Val de Marne). Cette assembl\u00e9e sera suivie de la seconde \u00e9dition du Forum national des f\u00e9d\u00e9rations de Cuma, le 28 mai. L\u2019assembl\u00e9e g\u00e9n\u00e9rale de la FNCUMA,\u00a0\u2018\u2019au-del\u00e0 des aspects statutaires permet de&hellip;... <\/p>\n<div class=\"pmpro\"><div class=\"pmpro_card pmpro_content_message\"><div class=\"pmpro_card_content\">Cet article est accessible uniquement aux abonn\u00e9s. <a href=\"https:\/\/www.machinisme-actualites.com\/wpfr\/login\/\">Cr\u00e9ez un compte ici<\/a>.<\/div><div class=\"pmpro_card_actions pmpro_font-medium\">Already a member? <a href=\"https:\/\/www.machinisme-actualites.com\/wpfr\/login\/?redirect_to=https%3A%2F%2Fwww.machinisme-actualites.com%2Fwpfr%2Ffncuma-lassemblee-generale-aura-lieu-fin-mai-2014%2F\">Connectez-vous ici<\/a><\/div><\/div><\/div>","protected":false},"author":659892,"featured_media":0,"comment_status":"closed","ping_status":"closed","sticky":false,"template":"","format":"standard","meta":{"pmpro_default_level":"","footnotes":""},"categories":[3],"tags":[],"class_list":["post-1974","post","type-post","status-publish","format-standard","hentry","category-telex","pmpro-level-required","pmpro-level-1","pmpro-level-2","pmpro-level-3","pmpro-no-access","span_1_of_2","masonry-entry","col-","loop-entry col clr"],"_links":{"self":[{"href":"https:\/\/www.machinisme-actualites.com\/wpfr\/wp-json\/wp\/v2\/posts\/1974","targetHints":{"allow":["GET"]}}],"collection":[{"href":"https:\/\/www.machinisme-actualites.com\/wpfr\/wp-json\/wp\/v2\/posts"}],"about":[{"href":"https:\/\/www.machinisme-actualites.com\/wpfr\/wp-json\/wp\/v2\/types\/post"}],"author":[{"embeddable":true,"href":"https:\/\/www.machinisme-actualites.com\/wpfr\/wp-json\/wp\/v2\/users\/659892"}],"replies":[{"embeddable":true,"href":"https:\/\/www.machinisme-actualites.com\/wpfr\/wp-json\/wp\/v2\/comments?post=1974"}],"version-history":[{"count":2,"href":"https:\/\/www.machinisme-actualites.com\/wpfr\/wp-json\/wp\/v2\/posts\/1974\/revisions"}],"predecessor-version":[{"id":1977,"href":"https:\/\/www.machinisme-actualites.com\/wpfr\/wp-json\/wp\/v2\/posts\/1974\/revisions\/1977"}],"wp:attachment":[{"href":"https:\/\/www.machinisme-actualites.com\/wpfr\/wp-json\/wp\/v2\/media?parent=1974"}],"wp:term":[{"taxonomy":"category","embeddable":true,"href":"https:\/\/www.machinisme-actualites.com\/wpfr\/wp-json\/wp\/v2\/categories?post=1974"},{"taxonomy":"post_tag","embeddable":true,"href":"https:\/\/www.machinisme-actualites.com\/wpfr\/wp-json\/wp\/v2\/tags?post=1974"}],"curies":[{"name":"wp","href":"https:\/\/api.w.org\/{rel}","templated":true}]}}