{"id":2083,"date":"2014-05-06T16:27:29","date_gmt":"2014-05-06T14:27:29","guid":{"rendered":"https:\/\/www.machinisme-actualites.com\/wpfr\/?p=2083"},"modified":"2014-05-06T17:25:27","modified_gmt":"2014-05-06T15:25:27","slug":"quelles-seront-les-caracteristiques-du-deutz-fahr-9340-ttv","status":"publish","type":"post","link":"https:\/\/www.machinisme-actualites.com\/wpfr\/quelles-seront-les-caracteristiques-du-deutz-fahr-9340-ttv\/","title":{"rendered":"Quelles seront les caract\u00e9ristiques du Deutz Fahr 9340 TTV ?"},"content":{"rendered":"<p>La s\u00e9rie 9000, d\u00e9voil\u00e9e lors de la derni\u00e8re \u00e9dition d&rsquo;Agritechnica, devrait compter au moins quatre mod\u00e8les ; 9270, 9300, 9320 et 9340 . Avec ses 340 chevaux (tier 4), son moteur de 7,8 litres, et surtout \u00ab\u00a0son air ravageur \u00ab\u00a0, ce haut de gamme de Deutz Fahr recevra une transmission TTV ZF et la capacit\u00e9&#8230; <\/p>\n<div class=\"pmpro\">\n<div class=\"pmpro_card pmpro_content_message\">\n<div class=\"pmpro_card_content\">Cet article est accessible uniquement aux abonn\u00e9s. <a href=\"https:\/\/www.machinisme-actualites.com\/wpfr\/login\/\">Cr\u00e9ez un compte ici<\/a>.<\/div>\n<div class=\"pmpro_card_actions pmpro_font-medium\">Already a member? <a href=\"https:\/\/www.machinisme-actualites.com\/wpfr\/login\/?redirect_to=https%3A%2F%2Fwww.machinisme-actualites.com%2Fwpfr%2Fquelles-seront-les-caracteristiques-du-deutz-fahr-9340-ttv%2F\">Connectez-vous ici<\/a><\/div>\n<\/div>\n<\/div>\n","protected":false},"excerpt":{"rendered":"<p>La s\u00e9rie 9000, d\u00e9voil\u00e9e lors de la derni\u00e8re \u00e9dition d&rsquo;Agritechnica, devrait compter au moins quatre mod\u00e8les ; 9270, 9300, 9320 et 9340 . Avec ses 340 chevaux (tier 4), son moteur de 7,8 litres, et surtout \u00ab\u00a0son air ravageur \u00ab\u00a0, ce haut de gamme de Deutz Fahr recevra une transmission TTV ZF et la capacit\u00e9&hellip;... <\/p>\n<div class=\"pmpro\"><div class=\"pmpro_card pmpro_content_message\"><div class=\"pmpro_card_content\">Cet article est accessible uniquement aux abonn\u00e9s. <a href=\"https:\/\/www.machinisme-actualites.com\/wpfr\/login\/\">Cr\u00e9ez un compte ici<\/a>.<\/div><div class=\"pmpro_card_actions pmpro_font-medium\">Already a member? <a href=\"https:\/\/www.machinisme-actualites.com\/wpfr\/login\/?redirect_to=https%3A%2F%2Fwww.machinisme-actualites.com%2Fwpfr%2Fquelles-seront-les-caracteristiques-du-deutz-fahr-9340-ttv%2F\">Connectez-vous ici<\/a><\/div><\/div><\/div>","protected":false},"author":659892,"featured_media":0,"comment_status":"closed","ping_status":"closed","sticky":false,"template":"","format":"standard","meta":{"pmpro_default_level":"","footnotes":""},"categories":[3],"tags":[786],"class_list":["post-2083","post","type-post","status-publish","format-standard","hentry","category-telex","tag-deutz-fahr-9340-ttv","pmpro-level-required","pmpro-level-1","pmpro-level-2","pmpro-level-3","pmpro-no-access","span_1_of_2","masonry-entry","col-","loop-entry col clr"],"_links":{"self":[{"href":"https:\/\/www.machinisme-actualites.com\/wpfr\/wp-json\/wp\/v2\/posts\/2083","targetHints":{"allow":["GET"]}}],"collection":[{"href":"https:\/\/www.machinisme-actualites.com\/wpfr\/wp-json\/wp\/v2\/posts"}],"about":[{"href":"https:\/\/www.machinisme-actualites.com\/wpfr\/wp-json\/wp\/v2\/types\/post"}],"author":[{"embeddable":true,"href":"https:\/\/www.machinisme-actualites.com\/wpfr\/wp-json\/wp\/v2\/users\/659892"}],"replies":[{"embeddable":true,"href":"https:\/\/www.machinisme-actualites.com\/wpfr\/wp-json\/wp\/v2\/comments?post=2083"}],"version-history":[{"count":2,"href":"https:\/\/www.machinisme-actualites.com\/wpfr\/wp-json\/wp\/v2\/posts\/2083\/revisions"}],"predecessor-version":[{"id":2088,"href":"https:\/\/www.machinisme-actualites.com\/wpfr\/wp-json\/wp\/v2\/posts\/2083\/revisions\/2088"}],"wp:attachment":[{"href":"https:\/\/www.machinisme-actualites.com\/wpfr\/wp-json\/wp\/v2\/media?parent=2083"}],"wp:term":[{"taxonomy":"category","embeddable":true,"href":"https:\/\/www.machinisme-actualites.com\/wpfr\/wp-json\/wp\/v2\/categories?post=2083"},{"taxonomy":"post_tag","embeddable":true,"href":"https:\/\/www.machinisme-actualites.com\/wpfr\/wp-json\/wp\/v2\/tags?post=2083"}],"curies":[{"name":"wp","href":"https:\/\/api.w.org\/{rel}","templated":true}]}}