{"id":2108,"date":"2014-05-08T23:17:28","date_gmt":"2014-05-08T21:17:28","guid":{"rendered":"https:\/\/www.machinisme-actualites.com\/wpfr\/?p=2108"},"modified":"2014-05-14T14:10:08","modified_gmt":"2014-05-14T12:10:08","slug":"le-tracteur-s374-de-valtra-entre-en-production","status":"publish","type":"post","link":"https:\/\/www.machinisme-actualites.com\/wpfr\/le-tracteur-s374-de-valtra-entre-en-production\/","title":{"rendered":"Le tracteur S374 de Valtra entre en production"},"content":{"rendered":"<p>D\u00e9voil\u00e9e lors du dernier salon Agritechnica, la quatri\u00e8me g\u00e9n\u00e9ration des s\u00e9rie S de Valtra\u00a0accueille son\u00a0vaisseau amiral : le superbe S374 ! Il\u00a0entre\u00a0en production, ces jours ci, sur les cha\u00eenes du constructeur finlandais. Sa puissance est de 370 chevaux mais peut atteindre 400 chevaux avec le\u00a0powerboost. Il re\u00e7oit le moteur Agco Power 84 A W F&#8230; <\/p>\n<div class=\"pmpro\">\n<div class=\"pmpro_card pmpro_content_message\">\n<div class=\"pmpro_card_content\">Cet article est accessible uniquement aux abonn\u00e9s. <a href=\"https:\/\/www.machinisme-actualites.com\/wpfr\/login\/\">Cr\u00e9ez un compte ici<\/a>.<\/div>\n<div class=\"pmpro_card_actions pmpro_font-medium\">Already a member? <a href=\"https:\/\/www.machinisme-actualites.com\/wpfr\/login\/?redirect_to=https%3A%2F%2Fwww.machinisme-actualites.com%2Fwpfr%2Fle-tracteur-s374-de-valtra-entre-en-production%2F\">Connectez-vous ici<\/a><\/div>\n<\/div>\n<\/div>\n","protected":false},"excerpt":{"rendered":"<p>D\u00e9voil\u00e9e lors du dernier salon Agritechnica, la quatri\u00e8me g\u00e9n\u00e9ration des s\u00e9rie S de Valtra\u00a0accueille son\u00a0vaisseau amiral : le superbe S374 ! Il\u00a0entre\u00a0en production, ces jours ci, sur les cha\u00eenes du constructeur finlandais. Sa puissance est de 370 chevaux mais peut atteindre 400 chevaux avec le\u00a0powerboost. Il re\u00e7oit le moteur Agco Power 84 A W F&hellip;... <\/p>\n<div class=\"pmpro\"><div class=\"pmpro_card pmpro_content_message\"><div class=\"pmpro_card_content\">Cet article est accessible uniquement aux abonn\u00e9s. <a href=\"https:\/\/www.machinisme-actualites.com\/wpfr\/login\/\">Cr\u00e9ez un compte ici<\/a>.<\/div><div class=\"pmpro_card_actions pmpro_font-medium\">Already a member? <a href=\"https:\/\/www.machinisme-actualites.com\/wpfr\/login\/?redirect_to=https%3A%2F%2Fwww.machinisme-actualites.com%2Fwpfr%2Fle-tracteur-s374-de-valtra-entre-en-production%2F\">Connectez-vous ici<\/a><\/div><\/div><\/div>","protected":false},"author":659892,"featured_media":0,"comment_status":"closed","ping_status":"closed","sticky":false,"template":"","format":"standard","meta":{"pmpro_default_level":"","footnotes":""},"categories":[3],"tags":[13,793,792,339,242],"class_list":["post-2108","post","type-post","status-publish","format-standard","hentry","category-telex","tag-agco","tag-s-374","tag-s374","tag-tracteur","tag-valtra","pmpro-level-required","pmpro-level-1","pmpro-level-2","pmpro-level-3","pmpro-no-access","span_1_of_2","masonry-entry","col-","loop-entry col clr"],"_links":{"self":[{"href":"https:\/\/www.machinisme-actualites.com\/wpfr\/wp-json\/wp\/v2\/posts\/2108","targetHints":{"allow":["GET"]}}],"collection":[{"href":"https:\/\/www.machinisme-actualites.com\/wpfr\/wp-json\/wp\/v2\/posts"}],"about":[{"href":"https:\/\/www.machinisme-actualites.com\/wpfr\/wp-json\/wp\/v2\/types\/post"}],"author":[{"embeddable":true,"href":"https:\/\/www.machinisme-actualites.com\/wpfr\/wp-json\/wp\/v2\/users\/659892"}],"replies":[{"embeddable":true,"href":"https:\/\/www.machinisme-actualites.com\/wpfr\/wp-json\/wp\/v2\/comments?post=2108"}],"version-history":[{"count":9,"href":"https:\/\/www.machinisme-actualites.com\/wpfr\/wp-json\/wp\/v2\/posts\/2108\/revisions"}],"predecessor-version":[{"id":2110,"href":"https:\/\/www.machinisme-actualites.com\/wpfr\/wp-json\/wp\/v2\/posts\/2108\/revisions\/2110"}],"wp:attachment":[{"href":"https:\/\/www.machinisme-actualites.com\/wpfr\/wp-json\/wp\/v2\/media?parent=2108"}],"wp:term":[{"taxonomy":"category","embeddable":true,"href":"https:\/\/www.machinisme-actualites.com\/wpfr\/wp-json\/wp\/v2\/categories?post=2108"},{"taxonomy":"post_tag","embeddable":true,"href":"https:\/\/www.machinisme-actualites.com\/wpfr\/wp-json\/wp\/v2\/tags?post=2108"}],"curies":[{"name":"wp","href":"https:\/\/api.w.org\/{rel}","templated":true}]}}