{"id":3079,"date":"2014-09-30T14:06:50","date_gmt":"2014-09-30T12:06:50","guid":{"rendered":"https:\/\/www.machinisme-actualites.com\/wpfr\/?p=3079"},"modified":"2014-09-30T14:06:50","modified_gmt":"2014-09-30T12:06:50","slug":"agroequipements-seuls-les-pays-de-lest-font-pire-que-la-france","status":"publish","type":"post","link":"https:\/\/www.machinisme-actualites.com\/wpfr\/agroequipements-seuls-les-pays-de-lest-font-pire-que-la-france\/","title":{"rendered":"Agro\u00e9quipements : Seuls les pays de l\u2019Est font pire que la France ?"},"content":{"rendered":"<p>Selon une enqu\u00eate du Cema (Comit\u00e9 europ\u00e9en des constructeurs de machines agricoles), \u00a0r\u00e9alis\u00e9e pour le mois de septembre, le march\u00e9 int\u00e9rieur fran\u00e7ais pr\u00e9sente la plus forte baisse sur le continent, pour la vente d&rsquo;agro\u00e9quipements. En excluant, bien s\u00fbr, les pays de l\u2019Est, dont les march\u00e9s sont v\u00e9rol\u00e9s par le conflit russo-ukrainien. De fait, logiquement, ce&#8230; <\/p>\n<div class=\"pmpro\">\n<div class=\"pmpro_card pmpro_content_message\">\n<div class=\"pmpro_card_content\">Cet article est accessible uniquement aux abonn\u00e9s. <a href=\"https:\/\/www.machinisme-actualites.com\/wpfr\/login\/\">Cr\u00e9ez un compte ici<\/a>.<\/div>\n<div class=\"pmpro_card_actions pmpro_font-medium\">Already a member? <a href=\"https:\/\/www.machinisme-actualites.com\/wpfr\/login\/?redirect_to=https%3A%2F%2Fwww.machinisme-actualites.com%2Fwpfr%2Fagroequipements-seuls-les-pays-de-lest-font-pire-que-la-france%2F\">Connectez-vous ici<\/a><\/div>\n<\/div>\n<\/div>\n","protected":false},"excerpt":{"rendered":"<p>Selon une enqu\u00eate du Cema (Comit\u00e9 europ\u00e9en des constructeurs de machines agricoles), \u00a0r\u00e9alis\u00e9e pour le mois de septembre, le march\u00e9 int\u00e9rieur fran\u00e7ais pr\u00e9sente la plus forte baisse sur le continent, pour la vente d&rsquo;agro\u00e9quipements. En excluant, bien s\u00fbr, les pays de l\u2019Est, dont les march\u00e9s sont v\u00e9rol\u00e9s par le conflit russo-ukrainien. De fait, logiquement, ce&hellip;... <\/p>\n<div class=\"pmpro\"><div class=\"pmpro_card pmpro_content_message\"><div class=\"pmpro_card_content\">Cet article est accessible uniquement aux abonn\u00e9s. <a href=\"https:\/\/www.machinisme-actualites.com\/wpfr\/login\/\">Cr\u00e9ez un compte ici<\/a>.<\/div><div class=\"pmpro_card_actions pmpro_font-medium\">Already a member? <a href=\"https:\/\/www.machinisme-actualites.com\/wpfr\/login\/?redirect_to=https%3A%2F%2Fwww.machinisme-actualites.com%2Fwpfr%2Fagroequipements-seuls-les-pays-de-lest-font-pire-que-la-france%2F\">Connectez-vous ici<\/a><\/div><\/div><\/div>","protected":false},"author":659892,"featured_media":0,"comment_status":"closed","ping_status":"closed","sticky":false,"template":"","format":"standard","meta":{"pmpro_default_level":"","footnotes":""},"categories":[4],"tags":[],"class_list":["post-3079","post","type-post","status-publish","format-standard","hentry","category-international","pmpro-level-required","pmpro-level-1","pmpro-level-2","pmpro-level-3","pmpro-no-access","span_1_of_2","masonry-entry","col-","loop-entry col clr"],"_links":{"self":[{"href":"https:\/\/www.machinisme-actualites.com\/wpfr\/wp-json\/wp\/v2\/posts\/3079","targetHints":{"allow":["GET"]}}],"collection":[{"href":"https:\/\/www.machinisme-actualites.com\/wpfr\/wp-json\/wp\/v2\/posts"}],"about":[{"href":"https:\/\/www.machinisme-actualites.com\/wpfr\/wp-json\/wp\/v2\/types\/post"}],"author":[{"embeddable":true,"href":"https:\/\/www.machinisme-actualites.com\/wpfr\/wp-json\/wp\/v2\/users\/659892"}],"replies":[{"embeddable":true,"href":"https:\/\/www.machinisme-actualites.com\/wpfr\/wp-json\/wp\/v2\/comments?post=3079"}],"version-history":[{"count":2,"href":"https:\/\/www.machinisme-actualites.com\/wpfr\/wp-json\/wp\/v2\/posts\/3079\/revisions"}],"predecessor-version":[{"id":3082,"href":"https:\/\/www.machinisme-actualites.com\/wpfr\/wp-json\/wp\/v2\/posts\/3079\/revisions\/3082"}],"wp:attachment":[{"href":"https:\/\/www.machinisme-actualites.com\/wpfr\/wp-json\/wp\/v2\/media?parent=3079"}],"wp:term":[{"taxonomy":"category","embeddable":true,"href":"https:\/\/www.machinisme-actualites.com\/wpfr\/wp-json\/wp\/v2\/categories?post=3079"},{"taxonomy":"post_tag","embeddable":true,"href":"https:\/\/www.machinisme-actualites.com\/wpfr\/wp-json\/wp\/v2\/tags?post=3079"}],"curies":[{"name":"wp","href":"https:\/\/api.w.org\/{rel}","templated":true}]}}