{"id":3098,"date":"2014-09-30T16:39:59","date_gmt":"2014-09-30T14:39:59","guid":{"rendered":"https:\/\/www.machinisme-actualites.com\/wpfr\/?p=3098"},"modified":"2014-09-30T16:45:54","modified_gmt":"2014-09-30T14:45:54","slug":"somfy-achete-pellenc","status":"publish","type":"post","link":"https:\/\/www.machinisme-actualites.com\/wpfr\/somfy-achete-pellenc\/","title":{"rendered":"Pellenc rachet\u00e9 par Somfy, une suite logique"},"content":{"rendered":"<p>Le groupe fran\u00e7ais Somfy, sp\u00e9cialis\u00e9 dans l&rsquo;automatisation\u00a0des ouvertures de l&rsquo;habitat, a annonc\u00e9 le rachat de la totalit\u00e9 des parts de Pellenc. Il y a 3 ans, Roger Pellenc, qui restera pr\u00e9sident de la soci\u00e9t\u00e9 jusqu&rsquo;en juin 2017, avait d\u00e9j\u00e0 c\u00e9d\u00e9 47,23% des parts du capital de son entreprise \u00e0 Somfy. L&rsquo;annonce de ces derniers jours&#8230; <\/p>\n<div class=\"pmpro\">\n<div class=\"pmpro_card pmpro_content_message\">\n<div class=\"pmpro_card_content\">Cet article est accessible uniquement aux abonn\u00e9s. <a href=\"https:\/\/www.machinisme-actualites.com\/wpfr\/login\/\">Cr\u00e9ez un compte ici<\/a>.<\/div>\n<div class=\"pmpro_card_actions pmpro_font-medium\">Already a member? <a href=\"https:\/\/www.machinisme-actualites.com\/wpfr\/login\/?redirect_to=https%3A%2F%2Fwww.machinisme-actualites.com%2Fwpfr%2Fsomfy-achete-pellenc%2F\">Connectez-vous ici<\/a><\/div>\n<\/div>\n<\/div>\n","protected":false},"excerpt":{"rendered":"<p>Le groupe fran\u00e7ais Somfy, sp\u00e9cialis\u00e9 dans l&rsquo;automatisation\u00a0des ouvertures de l&rsquo;habitat, a annonc\u00e9 le rachat de la totalit\u00e9 des parts de Pellenc. Il y a 3 ans, Roger Pellenc, qui restera pr\u00e9sident de la soci\u00e9t\u00e9 jusqu&rsquo;en juin 2017, avait d\u00e9j\u00e0 c\u00e9d\u00e9 47,23% des parts du capital de son entreprise \u00e0 Somfy. L&rsquo;annonce de ces derniers jours&hellip;... <\/p>\n<div class=\"pmpro\"><div class=\"pmpro_card pmpro_content_message\"><div class=\"pmpro_card_content\">Cet article est accessible uniquement aux abonn\u00e9s. <a href=\"https:\/\/www.machinisme-actualites.com\/wpfr\/login\/\">Cr\u00e9ez un compte ici<\/a>.<\/div><div class=\"pmpro_card_actions pmpro_font-medium\">Already a member? <a href=\"https:\/\/www.machinisme-actualites.com\/wpfr\/login\/?redirect_to=https%3A%2F%2Fwww.machinisme-actualites.com%2Fwpfr%2Fsomfy-achete-pellenc%2F\">Connectez-vous ici<\/a><\/div><\/div><\/div>","protected":false},"author":659892,"featured_media":0,"comment_status":"closed","ping_status":"closed","sticky":false,"template":"","format":"standard","meta":{"pmpro_default_level":"","footnotes":""},"categories":[3],"tags":[],"class_list":["post-3098","post","type-post","status-publish","format-standard","hentry","category-telex","pmpro-level-required","pmpro-level-1","pmpro-level-2","pmpro-level-3","pmpro-no-access","span_1_of_2","masonry-entry","col-","loop-entry col clr"],"_links":{"self":[{"href":"https:\/\/www.machinisme-actualites.com\/wpfr\/wp-json\/wp\/v2\/posts\/3098","targetHints":{"allow":["GET"]}}],"collection":[{"href":"https:\/\/www.machinisme-actualites.com\/wpfr\/wp-json\/wp\/v2\/posts"}],"about":[{"href":"https:\/\/www.machinisme-actualites.com\/wpfr\/wp-json\/wp\/v2\/types\/post"}],"author":[{"embeddable":true,"href":"https:\/\/www.machinisme-actualites.com\/wpfr\/wp-json\/wp\/v2\/users\/659892"}],"replies":[{"embeddable":true,"href":"https:\/\/www.machinisme-actualites.com\/wpfr\/wp-json\/wp\/v2\/comments?post=3098"}],"version-history":[{"count":5,"href":"https:\/\/www.machinisme-actualites.com\/wpfr\/wp-json\/wp\/v2\/posts\/3098\/revisions"}],"predecessor-version":[{"id":3101,"href":"https:\/\/www.machinisme-actualites.com\/wpfr\/wp-json\/wp\/v2\/posts\/3098\/revisions\/3101"}],"wp:attachment":[{"href":"https:\/\/www.machinisme-actualites.com\/wpfr\/wp-json\/wp\/v2\/media?parent=3098"}],"wp:term":[{"taxonomy":"category","embeddable":true,"href":"https:\/\/www.machinisme-actualites.com\/wpfr\/wp-json\/wp\/v2\/categories?post=3098"},{"taxonomy":"post_tag","embeddable":true,"href":"https:\/\/www.machinisme-actualites.com\/wpfr\/wp-json\/wp\/v2\/tags?post=3098"}],"curies":[{"name":"wp","href":"https:\/\/api.w.org\/{rel}","templated":true}]}}