{"id":3119,"date":"2014-10-04T13:45:56","date_gmt":"2014-10-04T11:45:56","guid":{"rendered":"https:\/\/www.machinisme-actualites.com\/wpfr\/?p=3119"},"modified":"2014-10-04T13:45:56","modified_gmt":"2014-10-04T11:45:56","slug":"kuhn-thierry-krier-nouveau-president-du-groupe","status":"publish","type":"post","link":"https:\/\/www.machinisme-actualites.com\/wpfr\/kuhn-thierry-krier-nouveau-president-du-groupe\/","title":{"rendered":"Kuhn : Thierry Krier, nouveau pr\u00e9sident du groupe"},"content":{"rendered":"<p>Comme annonc\u00e9 en janvier 2014,\u00a0Thierry Krier succ\u00e8de \u00e0 Michel Siebert en tant que pr\u00e9sident de Kuhn.\u00a0Michel Siebert assurera la pr\u00e9sidence des conseils d\u2019administration\u00a0des soci\u00e9t\u00e9s Kuhn SA, Kuhn-Audureau SA et Kuhn Huard SA et conduira certaines missions non op\u00e9rationnelles pour le groupe. Rappelons que Michel Siebert a assum\u00e9 la pr\u00e9sidence de Kuhn depuis 1999.\u00a0Thierry Krier a&#8230; <\/p>\n<div class=\"pmpro\">\n<div class=\"pmpro_card pmpro_content_message\">\n<div class=\"pmpro_card_content\">Cet article est accessible uniquement aux abonn\u00e9s. <a href=\"https:\/\/www.machinisme-actualites.com\/wpfr\/login\/\">Cr\u00e9ez un compte ici<\/a>.<\/div>\n<div class=\"pmpro_card_actions pmpro_font-medium\">Already a member? <a href=\"https:\/\/www.machinisme-actualites.com\/wpfr\/login\/?redirect_to=https%3A%2F%2Fwww.machinisme-actualites.com%2Fwpfr%2Fkuhn-thierry-krier-nouveau-president-du-groupe%2F\">Connectez-vous ici<\/a><\/div>\n<\/div>\n<\/div>\n","protected":false},"excerpt":{"rendered":"<p>Comme annonc\u00e9 en janvier 2014,\u00a0Thierry Krier succ\u00e8de \u00e0 Michel Siebert en tant que pr\u00e9sident de Kuhn.\u00a0Michel Siebert assurera la pr\u00e9sidence des conseils d\u2019administration\u00a0des soci\u00e9t\u00e9s Kuhn SA, Kuhn-Audureau SA et Kuhn Huard SA et conduira certaines missions non op\u00e9rationnelles pour le groupe. Rappelons que Michel Siebert a assum\u00e9 la pr\u00e9sidence de Kuhn depuis 1999.\u00a0Thierry Krier a&hellip;... <\/p>\n<div class=\"pmpro\"><div class=\"pmpro_card pmpro_content_message\"><div class=\"pmpro_card_content\">Cet article est accessible uniquement aux abonn\u00e9s. <a href=\"https:\/\/www.machinisme-actualites.com\/wpfr\/login\/\">Cr\u00e9ez un compte ici<\/a>.<\/div><div class=\"pmpro_card_actions pmpro_font-medium\">Already a member? <a href=\"https:\/\/www.machinisme-actualites.com\/wpfr\/login\/?redirect_to=https%3A%2F%2Fwww.machinisme-actualites.com%2Fwpfr%2Fkuhn-thierry-krier-nouveau-president-du-groupe%2F\">Connectez-vous ici<\/a><\/div><\/div><\/div>","protected":false},"author":659892,"featured_media":0,"comment_status":"closed","ping_status":"closed","sticky":false,"template":"","format":"standard","meta":{"pmpro_default_level":"","footnotes":""},"categories":[3],"tags":[],"class_list":["post-3119","post","type-post","status-publish","format-standard","hentry","category-telex","pmpro-level-required","pmpro-level-1","pmpro-level-2","pmpro-level-3","pmpro-no-access","span_1_of_2","masonry-entry","col-","loop-entry col clr"],"_links":{"self":[{"href":"https:\/\/www.machinisme-actualites.com\/wpfr\/wp-json\/wp\/v2\/posts\/3119","targetHints":{"allow":["GET"]}}],"collection":[{"href":"https:\/\/www.machinisme-actualites.com\/wpfr\/wp-json\/wp\/v2\/posts"}],"about":[{"href":"https:\/\/www.machinisme-actualites.com\/wpfr\/wp-json\/wp\/v2\/types\/post"}],"author":[{"embeddable":true,"href":"https:\/\/www.machinisme-actualites.com\/wpfr\/wp-json\/wp\/v2\/users\/659892"}],"replies":[{"embeddable":true,"href":"https:\/\/www.machinisme-actualites.com\/wpfr\/wp-json\/wp\/v2\/comments?post=3119"}],"version-history":[{"count":2,"href":"https:\/\/www.machinisme-actualites.com\/wpfr\/wp-json\/wp\/v2\/posts\/3119\/revisions"}],"predecessor-version":[{"id":3122,"href":"https:\/\/www.machinisme-actualites.com\/wpfr\/wp-json\/wp\/v2\/posts\/3119\/revisions\/3122"}],"wp:attachment":[{"href":"https:\/\/www.machinisme-actualites.com\/wpfr\/wp-json\/wp\/v2\/media?parent=3119"}],"wp:term":[{"taxonomy":"category","embeddable":true,"href":"https:\/\/www.machinisme-actualites.com\/wpfr\/wp-json\/wp\/v2\/categories?post=3119"},{"taxonomy":"post_tag","embeddable":true,"href":"https:\/\/www.machinisme-actualites.com\/wpfr\/wp-json\/wp\/v2\/tags?post=3119"}],"curies":[{"name":"wp","href":"https:\/\/api.w.org\/{rel}","templated":true}]}}