{"id":3123,"date":"2014-10-06T13:42:27","date_gmt":"2014-10-06T11:42:27","guid":{"rendered":"https:\/\/www.machinisme-actualites.com\/wpfr\/?p=3123"},"modified":"2014-10-06T15:00:03","modified_gmt":"2014-10-06T13:00:03","slug":"une-nouvelle-melangeuse-annoncee-au-sommet-de-l-elevage","status":"publish","type":"post","link":"https:\/\/www.machinisme-actualites.com\/wpfr\/une-nouvelle-melangeuse-annoncee-au-sommet-de-l-elevage\/","title":{"rendered":"Une nouvelle m\u00e9langeuse annonc\u00e9e au Sommet de l&rsquo; \u00c9levage"},"content":{"rendered":"<p>C\u2019est une nouveaut\u00e9 d\u00e9nich\u00e9e par la r\u00e9daction de Machinisme-Actualit\u00e9s, au dernier Salon de l\u2019\u00c9levage. Le fabricant fran\u00e7ais de mat\u00e9riel agricole Altec va prochainement ajouter une m\u00e9langeuse de fabrication allemande Hirl \u00e0 sa gamme de machines. Selon Altec, la vitesse de d\u00e9placement de la SF 1600 HS va de 0 \u00e0 40 km\/h \u00e0 1600 tr\/mn&#8230;. <\/p>\n<div class=\"pmpro\">\n<div class=\"pmpro_card pmpro_content_message\">\n<div class=\"pmpro_card_content\">Cet article est accessible uniquement aux abonn\u00e9s. <a href=\"https:\/\/www.machinisme-actualites.com\/wpfr\/login\/\">Cr\u00e9ez un compte ici<\/a>.<\/div>\n<div class=\"pmpro_card_actions pmpro_font-medium\">Already a member? <a href=\"https:\/\/www.machinisme-actualites.com\/wpfr\/login\/?redirect_to=https%3A%2F%2Fwww.machinisme-actualites.com%2Fwpfr%2Fune-nouvelle-melangeuse-annoncee-au-sommet-de-l-elevage%2F\">Connectez-vous ici<\/a><\/div>\n<\/div>\n<\/div>\n","protected":false},"excerpt":{"rendered":"<p>C\u2019est une nouveaut\u00e9 d\u00e9nich\u00e9e par la r\u00e9daction de Machinisme-Actualit\u00e9s, au dernier Salon de l\u2019\u00c9levage. Le fabricant fran\u00e7ais de mat\u00e9riel agricole Altec va prochainement ajouter une m\u00e9langeuse de fabrication allemande Hirl \u00e0 sa gamme de machines. Selon Altec, la vitesse de d\u00e9placement de la SF 1600 HS va de 0 \u00e0 40 km\/h \u00e0 1600 tr\/mn.&hellip;... <\/p>\n<div class=\"pmpro\"><div class=\"pmpro_card pmpro_content_message\"><div class=\"pmpro_card_content\">Cet article est accessible uniquement aux abonn\u00e9s. <a href=\"https:\/\/www.machinisme-actualites.com\/wpfr\/login\/\">Cr\u00e9ez un compte ici<\/a>.<\/div><div class=\"pmpro_card_actions pmpro_font-medium\">Already a member? <a href=\"https:\/\/www.machinisme-actualites.com\/wpfr\/login\/?redirect_to=https%3A%2F%2Fwww.machinisme-actualites.com%2Fwpfr%2Fune-nouvelle-melangeuse-annoncee-au-sommet-de-l-elevage%2F\">Connectez-vous ici<\/a><\/div><\/div><\/div>","protected":false},"author":659892,"featured_media":0,"comment_status":"closed","ping_status":"closed","sticky":false,"template":"","format":"standard","meta":{"pmpro_default_level":"","footnotes":""},"categories":[3],"tags":[],"class_list":["post-3123","post","type-post","status-publish","format-standard","hentry","category-telex","pmpro-level-required","pmpro-level-1","pmpro-level-2","pmpro-level-3","pmpro-no-access","span_1_of_2","masonry-entry","col-","loop-entry col clr"],"_links":{"self":[{"href":"https:\/\/www.machinisme-actualites.com\/wpfr\/wp-json\/wp\/v2\/posts\/3123","targetHints":{"allow":["GET"]}}],"collection":[{"href":"https:\/\/www.machinisme-actualites.com\/wpfr\/wp-json\/wp\/v2\/posts"}],"about":[{"href":"https:\/\/www.machinisme-actualites.com\/wpfr\/wp-json\/wp\/v2\/types\/post"}],"author":[{"embeddable":true,"href":"https:\/\/www.machinisme-actualites.com\/wpfr\/wp-json\/wp\/v2\/users\/659892"}],"replies":[{"embeddable":true,"href":"https:\/\/www.machinisme-actualites.com\/wpfr\/wp-json\/wp\/v2\/comments?post=3123"}],"version-history":[{"count":4,"href":"https:\/\/www.machinisme-actualites.com\/wpfr\/wp-json\/wp\/v2\/posts\/3123\/revisions"}],"predecessor-version":[{"id":3127,"href":"https:\/\/www.machinisme-actualites.com\/wpfr\/wp-json\/wp\/v2\/posts\/3123\/revisions\/3127"}],"wp:attachment":[{"href":"https:\/\/www.machinisme-actualites.com\/wpfr\/wp-json\/wp\/v2\/media?parent=3123"}],"wp:term":[{"taxonomy":"category","embeddable":true,"href":"https:\/\/www.machinisme-actualites.com\/wpfr\/wp-json\/wp\/v2\/categories?post=3123"},{"taxonomy":"post_tag","embeddable":true,"href":"https:\/\/www.machinisme-actualites.com\/wpfr\/wp-json\/wp\/v2\/tags?post=3123"}],"curies":[{"name":"wp","href":"https:\/\/api.w.org\/{rel}","templated":true}]}}