{"id":3133,"date":"2014-10-06T14:09:27","date_gmt":"2014-10-06T12:09:27","guid":{"rendered":"https:\/\/www.machinisme-actualites.com\/wpfr\/?p=3133"},"modified":"2014-10-06T15:36:26","modified_gmt":"2014-10-06T13:36:26","slug":"lely-lance-sa-nouvelle-faucheuse-frontale","status":"publish","type":"post","link":"https:\/\/www.machinisme-actualites.com\/wpfr\/lely-lance-sa-nouvelle-faucheuse-frontale\/","title":{"rendered":"Lely lance sa nouvelle faucheuse frontale"},"content":{"rendered":"<p>Lely France \u00e9largit sa gamme et d\u00e9voile un nouveau mod\u00e8le dans sa gamme de faucheuses frontales l\u00e9g\u00e8res. D\u2019une largeur de fauche de 2,20m, la Lely Splendimo 220 FA est id\u00e9ale pour travailler dans les conditions montagneuses. Ses 390 kg permettent \u00e0 cette frontale d\u2019\u00eatre attel\u00e9e \u00e0 des tracteurs de faible puissance. Cette machine est \u00e9quip\u00e9e&#8230; <\/p>\n<div class=\"pmpro\">\n<div class=\"pmpro_card pmpro_content_message\">\n<div class=\"pmpro_card_content\">Cet article est accessible uniquement aux abonn\u00e9s. <a href=\"https:\/\/www.machinisme-actualites.com\/wpfr\/login\/\">Cr\u00e9ez un compte ici<\/a>.<\/div>\n<div class=\"pmpro_card_actions pmpro_font-medium\">Already a member? <a href=\"https:\/\/www.machinisme-actualites.com\/wpfr\/login\/?redirect_to=https%3A%2F%2Fwww.machinisme-actualites.com%2Fwpfr%2Flely-lance-sa-nouvelle-faucheuse-frontale%2F\">Connectez-vous ici<\/a><\/div>\n<\/div>\n<\/div>\n","protected":false},"excerpt":{"rendered":"<p>Lely France \u00e9largit sa gamme et d\u00e9voile un nouveau mod\u00e8le dans sa gamme de faucheuses frontales l\u00e9g\u00e8res. D\u2019une largeur de fauche de 2,20m, la Lely Splendimo 220 FA est id\u00e9ale pour travailler dans les conditions montagneuses. Ses 390 kg permettent \u00e0 cette frontale d\u2019\u00eatre attel\u00e9e \u00e0 des tracteurs de faible puissance. Cette machine est \u00e9quip\u00e9e&hellip;... <\/p>\n<div class=\"pmpro\"><div class=\"pmpro_card pmpro_content_message\"><div class=\"pmpro_card_content\">Cet article est accessible uniquement aux abonn\u00e9s. <a href=\"https:\/\/www.machinisme-actualites.com\/wpfr\/login\/\">Cr\u00e9ez un compte ici<\/a>.<\/div><div class=\"pmpro_card_actions pmpro_font-medium\">Already a member? <a href=\"https:\/\/www.machinisme-actualites.com\/wpfr\/login\/?redirect_to=https%3A%2F%2Fwww.machinisme-actualites.com%2Fwpfr%2Flely-lance-sa-nouvelle-faucheuse-frontale%2F\">Connectez-vous ici<\/a><\/div><\/div><\/div>","protected":false},"author":659892,"featured_media":0,"comment_status":"closed","ping_status":"closed","sticky":false,"template":"","format":"standard","meta":{"pmpro_default_level":"","footnotes":""},"categories":[3],"tags":[],"class_list":["post-3133","post","type-post","status-publish","format-standard","hentry","category-telex","pmpro-level-required","pmpro-level-1","pmpro-level-2","pmpro-level-3","pmpro-no-access","span_1_of_2","masonry-entry","col-","loop-entry col clr"],"_links":{"self":[{"href":"https:\/\/www.machinisme-actualites.com\/wpfr\/wp-json\/wp\/v2\/posts\/3133","targetHints":{"allow":["GET"]}}],"collection":[{"href":"https:\/\/www.machinisme-actualites.com\/wpfr\/wp-json\/wp\/v2\/posts"}],"about":[{"href":"https:\/\/www.machinisme-actualites.com\/wpfr\/wp-json\/wp\/v2\/types\/post"}],"author":[{"embeddable":true,"href":"https:\/\/www.machinisme-actualites.com\/wpfr\/wp-json\/wp\/v2\/users\/659892"}],"replies":[{"embeddable":true,"href":"https:\/\/www.machinisme-actualites.com\/wpfr\/wp-json\/wp\/v2\/comments?post=3133"}],"version-history":[{"count":3,"href":"https:\/\/www.machinisme-actualites.com\/wpfr\/wp-json\/wp\/v2\/posts\/3133\/revisions"}],"predecessor-version":[{"id":3148,"href":"https:\/\/www.machinisme-actualites.com\/wpfr\/wp-json\/wp\/v2\/posts\/3133\/revisions\/3148"}],"wp:attachment":[{"href":"https:\/\/www.machinisme-actualites.com\/wpfr\/wp-json\/wp\/v2\/media?parent=3133"}],"wp:term":[{"taxonomy":"category","embeddable":true,"href":"https:\/\/www.machinisme-actualites.com\/wpfr\/wp-json\/wp\/v2\/categories?post=3133"},{"taxonomy":"post_tag","embeddable":true,"href":"https:\/\/www.machinisme-actualites.com\/wpfr\/wp-json\/wp\/v2\/tags?post=3133"}],"curies":[{"name":"wp","href":"https:\/\/api.w.org\/{rel}","templated":true}]}}