{"id":3245,"date":"2014-10-16T15:01:52","date_gmt":"2014-10-16T13:01:52","guid":{"rendered":"https:\/\/www.machinisme-actualites.com\/wpfr\/?p=3245"},"modified":"2014-10-16T15:21:34","modified_gmt":"2014-10-16T13:21:34","slug":"sima-laprodema-rejoint-le-hall-7","status":"publish","type":"post","link":"https:\/\/www.machinisme-actualites.com\/wpfr\/sima-laprodema-rejoint-le-hall-7\/","title":{"rendered":"Sima : L&rsquo;Aprodema rejoint le Hall 7"},"content":{"rendered":"<p>Depuis quasiment un an, les missions de l&rsquo;Aprodema ont \u00e9t\u00e9 recentr\u00e9s sur la promotion des m\u00e9tiers de l&rsquo;agroequipement. C&rsquo;est donc, certainement, au regard de cette logique que le stand de l&rsquo;Aprodema rejoindra, lors du prochain Sima, le Hall 7. Les stands Axema et Sedima seront d\u00e9sormais c\u00f4te \u00e0 c\u00f4te mais s\u00e9par\u00e9s. Le th\u00e8me du stand&#8230; <\/p>\n<div class=\"pmpro\">\n<div class=\"pmpro_card pmpro_content_message\">\n<div class=\"pmpro_card_content\">Cet article est accessible uniquement aux abonn\u00e9s. <a href=\"https:\/\/www.machinisme-actualites.com\/wpfr\/login\/\">Cr\u00e9ez un compte ici<\/a>.<\/div>\n<div class=\"pmpro_card_actions pmpro_font-medium\">Already a member? <a href=\"https:\/\/www.machinisme-actualites.com\/wpfr\/login\/?redirect_to=https%3A%2F%2Fwww.machinisme-actualites.com%2Fwpfr%2Fsima-laprodema-rejoint-le-hall-7%2F\">Connectez-vous ici<\/a><\/div>\n<\/div>\n<\/div>\n","protected":false},"excerpt":{"rendered":"<p>Depuis quasiment un an, les missions de l&rsquo;Aprodema ont \u00e9t\u00e9 recentr\u00e9s sur la promotion des m\u00e9tiers de l&rsquo;agroequipement. C&rsquo;est donc, certainement, au regard de cette logique que le stand de l&rsquo;Aprodema rejoindra, lors du prochain Sima, le Hall 7. Les stands Axema et Sedima seront d\u00e9sormais c\u00f4te \u00e0 c\u00f4te mais s\u00e9par\u00e9s. Le th\u00e8me du stand&hellip;... <\/p>\n<div class=\"pmpro\"><div class=\"pmpro_card pmpro_content_message\"><div class=\"pmpro_card_content\">Cet article est accessible uniquement aux abonn\u00e9s. <a href=\"https:\/\/www.machinisme-actualites.com\/wpfr\/login\/\">Cr\u00e9ez un compte ici<\/a>.<\/div><div class=\"pmpro_card_actions pmpro_font-medium\">Already a member? <a href=\"https:\/\/www.machinisme-actualites.com\/wpfr\/login\/?redirect_to=https%3A%2F%2Fwww.machinisme-actualites.com%2Fwpfr%2Fsima-laprodema-rejoint-le-hall-7%2F\">Connectez-vous ici<\/a><\/div><\/div><\/div>","protected":false},"author":659892,"featured_media":0,"comment_status":"closed","ping_status":"closed","sticky":false,"template":"","format":"standard","meta":{"pmpro_default_level":"","footnotes":""},"categories":[3],"tags":[],"class_list":["post-3245","post","type-post","status-publish","format-standard","hentry","category-telex","pmpro-level-required","pmpro-level-1","pmpro-level-2","pmpro-level-3","pmpro-no-access","span_1_of_2","masonry-entry","col-","loop-entry col clr"],"_links":{"self":[{"href":"https:\/\/www.machinisme-actualites.com\/wpfr\/wp-json\/wp\/v2\/posts\/3245","targetHints":{"allow":["GET"]}}],"collection":[{"href":"https:\/\/www.machinisme-actualites.com\/wpfr\/wp-json\/wp\/v2\/posts"}],"about":[{"href":"https:\/\/www.machinisme-actualites.com\/wpfr\/wp-json\/wp\/v2\/types\/post"}],"author":[{"embeddable":true,"href":"https:\/\/www.machinisme-actualites.com\/wpfr\/wp-json\/wp\/v2\/users\/659892"}],"replies":[{"embeddable":true,"href":"https:\/\/www.machinisme-actualites.com\/wpfr\/wp-json\/wp\/v2\/comments?post=3245"}],"version-history":[{"count":2,"href":"https:\/\/www.machinisme-actualites.com\/wpfr\/wp-json\/wp\/v2\/posts\/3245\/revisions"}],"predecessor-version":[{"id":3253,"href":"https:\/\/www.machinisme-actualites.com\/wpfr\/wp-json\/wp\/v2\/posts\/3245\/revisions\/3253"}],"wp:attachment":[{"href":"https:\/\/www.machinisme-actualites.com\/wpfr\/wp-json\/wp\/v2\/media?parent=3245"}],"wp:term":[{"taxonomy":"category","embeddable":true,"href":"https:\/\/www.machinisme-actualites.com\/wpfr\/wp-json\/wp\/v2\/categories?post=3245"},{"taxonomy":"post_tag","embeddable":true,"href":"https:\/\/www.machinisme-actualites.com\/wpfr\/wp-json\/wp\/v2\/tags?post=3245"}],"curies":[{"name":"wp","href":"https:\/\/api.w.org\/{rel}","templated":true}]}}