{"id":6631,"date":"2016-05-04T23:09:57","date_gmt":"2016-05-04T21:09:57","guid":{"rendered":"https:\/\/www.machinisme-actualites.com\/wpfr\/?p=6631"},"modified":"2016-05-04T23:09:57","modified_gmt":"2016-05-04T21:09:57","slug":"quid-du-partenariat-entre-kverneland-et-deutz-fahr","status":"publish","type":"post","link":"https:\/\/www.machinisme-actualites.com\/wpfr\/quid-du-partenariat-entre-kverneland-et-deutz-fahr\/","title":{"rendered":"Quid du partenariat entre Kverneland et Deutz Fahr ?"},"content":{"rendered":"<p>Le CEO du groupe Kverneland &#8211; Dai Watanabe &#8211; apporte une r\u00e9ponse \u00e0 cette question concernant la ligne fenaison. Machinisme-Actualit\u00e9s : Vous venez de d\u00e9voiler vos ambitions pour le groupe Kverneland, avec pour objectif, notamment, de faire passer votre chiffre d&rsquo;affaires de 500 millions \u00e0 700 millions d&rsquo;euros \u00e0 seulement une \u00e9ch\u00e9ance de 5 ans&#8230;. <\/p>\n<div class=\"pmpro\">\n<div class=\"pmpro_card pmpro_content_message\">\n<div class=\"pmpro_card_content\">Cet article est accessible uniquement aux abonn\u00e9s. <a href=\"https:\/\/www.machinisme-actualites.com\/wpfr\/login\/\">Cr\u00e9ez un compte ici<\/a>.<\/div>\n<div class=\"pmpro_card_actions pmpro_font-medium\">Already a member? <a href=\"https:\/\/www.machinisme-actualites.com\/wpfr\/login\/?redirect_to=https%3A%2F%2Fwww.machinisme-actualites.com%2Fwpfr%2Fquid-du-partenariat-entre-kverneland-et-deutz-fahr%2F\">Connectez-vous ici<\/a><\/div>\n<\/div>\n<\/div>\n","protected":false},"excerpt":{"rendered":"<p>Le CEO du groupe Kverneland &#8211; Dai Watanabe &#8211; apporte une r\u00e9ponse \u00e0 cette question concernant la ligne fenaison. Machinisme-Actualit\u00e9s : Vous venez de d\u00e9voiler vos ambitions pour le groupe Kverneland, avec pour objectif, notamment, de faire passer votre chiffre d&rsquo;affaires de 500 millions \u00e0 700 millions d&rsquo;euros \u00e0 seulement une \u00e9ch\u00e9ance de 5 ans.&hellip;... <\/p>\n<div class=\"pmpro\"><div class=\"pmpro_card pmpro_content_message\"><div class=\"pmpro_card_content\">Cet article est accessible uniquement aux abonn\u00e9s. <a href=\"https:\/\/www.machinisme-actualites.com\/wpfr\/login\/\">Cr\u00e9ez un compte ici<\/a>.<\/div><div class=\"pmpro_card_actions pmpro_font-medium\">Already a member? <a href=\"https:\/\/www.machinisme-actualites.com\/wpfr\/login\/?redirect_to=https%3A%2F%2Fwww.machinisme-actualites.com%2Fwpfr%2Fquid-du-partenariat-entre-kverneland-et-deutz-fahr%2F\">Connectez-vous ici<\/a><\/div><\/div><\/div>","protected":false},"author":659892,"featured_media":6632,"comment_status":"closed","ping_status":"closed","sticky":false,"template":"","format":"standard","meta":{"pmpro_default_level":"","footnotes":""},"categories":[2],"tags":[],"class_list":["post-6631","post","type-post","status-publish","format-standard","has-post-thumbnail","hentry","category-alaune","pmpro-level-required","pmpro-level-1","pmpro-level-2","pmpro-level-3","pmpro-no-access","span_1_of_2","masonry-entry","col-","loop-entry col clr"],"_links":{"self":[{"href":"https:\/\/www.machinisme-actualites.com\/wpfr\/wp-json\/wp\/v2\/posts\/6631","targetHints":{"allow":["GET"]}}],"collection":[{"href":"https:\/\/www.machinisme-actualites.com\/wpfr\/wp-json\/wp\/v2\/posts"}],"about":[{"href":"https:\/\/www.machinisme-actualites.com\/wpfr\/wp-json\/wp\/v2\/types\/post"}],"author":[{"embeddable":true,"href":"https:\/\/www.machinisme-actualites.com\/wpfr\/wp-json\/wp\/v2\/users\/659892"}],"replies":[{"embeddable":true,"href":"https:\/\/www.machinisme-actualites.com\/wpfr\/wp-json\/wp\/v2\/comments?post=6631"}],"version-history":[{"count":1,"href":"https:\/\/www.machinisme-actualites.com\/wpfr\/wp-json\/wp\/v2\/posts\/6631\/revisions"}],"predecessor-version":[{"id":6633,"href":"https:\/\/www.machinisme-actualites.com\/wpfr\/wp-json\/wp\/v2\/posts\/6631\/revisions\/6633"}],"wp:featuredmedia":[{"embeddable":true,"href":"https:\/\/www.machinisme-actualites.com\/wpfr\/wp-json\/wp\/v2\/media\/6632"}],"wp:attachment":[{"href":"https:\/\/www.machinisme-actualites.com\/wpfr\/wp-json\/wp\/v2\/media?parent=6631"}],"wp:term":[{"taxonomy":"category","embeddable":true,"href":"https:\/\/www.machinisme-actualites.com\/wpfr\/wp-json\/wp\/v2\/categories?post=6631"},{"taxonomy":"post_tag","embeddable":true,"href":"https:\/\/www.machinisme-actualites.com\/wpfr\/wp-json\/wp\/v2\/tags?post=6631"}],"curies":[{"name":"wp","href":"https:\/\/api.w.org\/{rel}","templated":true}]}}