{"id":6758,"date":"2016-06-13T20:33:04","date_gmt":"2016-06-13T18:33:04","guid":{"rendered":"https:\/\/www.machinisme-actualites.com\/wpfr\/?p=6758"},"modified":"2016-06-13T21:16:35","modified_gmt":"2016-06-13T19:16:35","slug":"vers-une-relance-du-marche-bresilien-des-agroequipements","status":"publish","type":"post","link":"https:\/\/www.machinisme-actualites.com\/wpfr\/vers-une-relance-du-marche-bresilien-des-agroequipements\/","title":{"rendered":"Vers une relance du march\u00e9 br\u00e9silien des agro\u00e9quipements ?"},"content":{"rendered":"<p>Alors que le march\u00e9 des agro\u00e9quipement sud-am\u00e9ricain, et plus particuli\u00e8rement br\u00e9silien, s&rsquo;est affaiss\u00e9 depuis deux ans et demi, le gouvernement auriverde vient d&rsquo;annoncer une spectaculaire mesure d&rsquo;aide \u00e0 l&rsquo;investissement, \u00e0 l&rsquo;intention des agriculteurs locaux. Ainsi 8 milliards de dollars seront vers\u00e9s aux agriculteurs et \u00e9leveurs d\u00e8s le 1er juillet prochain. Le gouvernement esp\u00e8re ainsi stimuler&#8230; <\/p>\n<div class=\"pmpro\">\n<div class=\"pmpro_card pmpro_content_message\">\n<div class=\"pmpro_card_content\">Cet article est accessible uniquement aux abonn\u00e9s. <a href=\"https:\/\/www.machinisme-actualites.com\/wpfr\/login\/\">Cr\u00e9ez un compte ici<\/a>.<\/div>\n<div class=\"pmpro_card_actions pmpro_font-medium\">Already a member? <a href=\"https:\/\/www.machinisme-actualites.com\/wpfr\/login\/?redirect_to=https%3A%2F%2Fwww.machinisme-actualites.com%2Fwpfr%2Fvers-une-relance-du-marche-bresilien-des-agroequipements%2F\">Connectez-vous ici<\/a><\/div>\n<\/div>\n<\/div>\n","protected":false},"excerpt":{"rendered":"<p>Alors que le march\u00e9 des agro\u00e9quipement sud-am\u00e9ricain, et plus particuli\u00e8rement br\u00e9silien, s&rsquo;est affaiss\u00e9 depuis deux ans et demi, le gouvernement auriverde vient d&rsquo;annoncer une spectaculaire mesure d&rsquo;aide \u00e0 l&rsquo;investissement, \u00e0 l&rsquo;intention des agriculteurs locaux. Ainsi 8 milliards de dollars seront vers\u00e9s aux agriculteurs et \u00e9leveurs d\u00e8s le 1er juillet prochain. Le gouvernement esp\u00e8re ainsi stimuler&hellip;... <\/p>\n<div class=\"pmpro\"><div class=\"pmpro_card pmpro_content_message\"><div class=\"pmpro_card_content\">Cet article est accessible uniquement aux abonn\u00e9s. <a href=\"https:\/\/www.machinisme-actualites.com\/wpfr\/login\/\">Cr\u00e9ez un compte ici<\/a>.<\/div><div class=\"pmpro_card_actions pmpro_font-medium\">Already a member? <a href=\"https:\/\/www.machinisme-actualites.com\/wpfr\/login\/?redirect_to=https%3A%2F%2Fwww.machinisme-actualites.com%2Fwpfr%2Fvers-une-relance-du-marche-bresilien-des-agroequipements%2F\">Connectez-vous ici<\/a><\/div><\/div><\/div>","protected":false},"author":659892,"featured_media":6759,"comment_status":"closed","ping_status":"closed","sticky":false,"template":"","format":"standard","meta":{"pmpro_default_level":"","footnotes":""},"categories":[4],"tags":[],"class_list":["post-6758","post","type-post","status-publish","format-standard","has-post-thumbnail","hentry","category-international","pmpro-level-required","pmpro-level-1","pmpro-level-2","pmpro-level-3","pmpro-no-access","span_1_of_2","masonry-entry","col-","loop-entry col clr"],"_links":{"self":[{"href":"https:\/\/www.machinisme-actualites.com\/wpfr\/wp-json\/wp\/v2\/posts\/6758","targetHints":{"allow":["GET"]}}],"collection":[{"href":"https:\/\/www.machinisme-actualites.com\/wpfr\/wp-json\/wp\/v2\/posts"}],"about":[{"href":"https:\/\/www.machinisme-actualites.com\/wpfr\/wp-json\/wp\/v2\/types\/post"}],"author":[{"embeddable":true,"href":"https:\/\/www.machinisme-actualites.com\/wpfr\/wp-json\/wp\/v2\/users\/659892"}],"replies":[{"embeddable":true,"href":"https:\/\/www.machinisme-actualites.com\/wpfr\/wp-json\/wp\/v2\/comments?post=6758"}],"version-history":[{"count":3,"href":"https:\/\/www.machinisme-actualites.com\/wpfr\/wp-json\/wp\/v2\/posts\/6758\/revisions"}],"predecessor-version":[{"id":6770,"href":"https:\/\/www.machinisme-actualites.com\/wpfr\/wp-json\/wp\/v2\/posts\/6758\/revisions\/6770"}],"wp:featuredmedia":[{"embeddable":true,"href":"https:\/\/www.machinisme-actualites.com\/wpfr\/wp-json\/wp\/v2\/media\/6759"}],"wp:attachment":[{"href":"https:\/\/www.machinisme-actualites.com\/wpfr\/wp-json\/wp\/v2\/media?parent=6758"}],"wp:term":[{"taxonomy":"category","embeddable":true,"href":"https:\/\/www.machinisme-actualites.com\/wpfr\/wp-json\/wp\/v2\/categories?post=6758"},{"taxonomy":"post_tag","embeddable":true,"href":"https:\/\/www.machinisme-actualites.com\/wpfr\/wp-json\/wp\/v2\/tags?post=6758"}],"curies":[{"name":"wp","href":"https:\/\/api.w.org\/{rel}","templated":true}]}}