{"id":742,"date":"2013-09-24T13:52:17","date_gmt":"2013-09-24T11:52:17","guid":{"rendered":"https:\/\/www.machinisme-actualites.com\/wpfr\/?p=742"},"modified":"2013-09-26T08:37:43","modified_gmt":"2013-09-26T06:37:43","slug":"accord-claas-et-same-deutz-fahr-pour-la-production-de-tracteurs-de-moyennes-puissances","status":"publish","type":"post","link":"https:\/\/www.machinisme-actualites.com\/wpfr\/accord-claas-et-same-deutz-fahr-pour-la-production-de-tracteurs-de-moyennes-puissances\/","title":{"rendered":"Pourquoi Same Deutz Fahr et Claas s&rsquo;associent pour la production de certains tracteurs ?"},"content":{"rendered":"<p><b>Cet accord que nous vous avons d\u00e9voil\u00e9, hier, n\u00e9cessite quelques explications pour en comprendre les raisons et les enjeux. Notre analyse &#8230;<\/b><\/p>\n<div class=\"pmpro\">\n<div class=\"pmpro_card pmpro_content_message\">\n<div class=\"pmpro_card_content\">Cet article est accessible uniquement aux abonn\u00e9s. <a href=\"https:\/\/www.machinisme-actualites.com\/wpfr\/login\/\">Cr\u00e9ez un compte ici<\/a>.<\/div>\n<div class=\"pmpro_card_actions pmpro_font-medium\">Already a member? <a href=\"https:\/\/www.machinisme-actualites.com\/wpfr\/login\/?redirect_to=https%3A%2F%2Fwww.machinisme-actualites.com%2Fwpfr%2Faccord-claas-et-same-deutz-fahr-pour-la-production-de-tracteurs-de-moyennes-puissances%2F\">Connectez-vous ici<\/a><\/div>\n<\/div>\n<\/div>\n","protected":false},"excerpt":{"rendered":"<p>Cet accord que nous vous avons d\u00e9voil\u00e9, hier, n\u00e9cessite quelques explications pour en comprendre les raisons et les enjeux. Notre analyse &#8230;... <\/p>\n<div class=\"pmpro\"><div class=\"pmpro_card pmpro_content_message\"><div class=\"pmpro_card_content\">Cet article est accessible uniquement aux abonn\u00e9s. <a href=\"https:\/\/www.machinisme-actualites.com\/wpfr\/login\/\">Cr\u00e9ez un compte ici<\/a>.<\/div><div class=\"pmpro_card_actions pmpro_font-medium\">Already a member? <a href=\"https:\/\/www.machinisme-actualites.com\/wpfr\/login\/?redirect_to=https%3A%2F%2Fwww.machinisme-actualites.com%2Fwpfr%2Faccord-claas-et-same-deutz-fahr-pour-la-production-de-tracteurs-de-moyennes-puissances%2F\">Connectez-vous ici<\/a><\/div><\/div><\/div>","protected":false},"author":659892,"featured_media":0,"comment_status":"closed","ping_status":"closed","sticky":false,"template":"","format":"standard","meta":{"pmpro_default_level":"","footnotes":""},"categories":[2],"tags":[435,139,48,433,434,23,437,432,436,42],"class_list":["post-742","post","type-post","status-publish","format-standard","hentry","category-alaune","tag-110-ch","tag-accord","tag-claas","tag-deutz","tag-fahr","tag-john-deere","tag-production","tag-same","tag-same-deutz-fahr","tag-tracteurs","pmpro-level-required","pmpro-level-1","pmpro-level-2","pmpro-level-3","pmpro-no-access","span_1_of_2","masonry-entry","col-","loop-entry col clr"],"_links":{"self":[{"href":"https:\/\/www.machinisme-actualites.com\/wpfr\/wp-json\/wp\/v2\/posts\/742","targetHints":{"allow":["GET"]}}],"collection":[{"href":"https:\/\/www.machinisme-actualites.com\/wpfr\/wp-json\/wp\/v2\/posts"}],"about":[{"href":"https:\/\/www.machinisme-actualites.com\/wpfr\/wp-json\/wp\/v2\/types\/post"}],"author":[{"embeddable":true,"href":"https:\/\/www.machinisme-actualites.com\/wpfr\/wp-json\/wp\/v2\/users\/659892"}],"replies":[{"embeddable":true,"href":"https:\/\/www.machinisme-actualites.com\/wpfr\/wp-json\/wp\/v2\/comments?post=742"}],"version-history":[{"count":8,"href":"https:\/\/www.machinisme-actualites.com\/wpfr\/wp-json\/wp\/v2\/posts\/742\/revisions"}],"predecessor-version":[{"id":746,"href":"https:\/\/www.machinisme-actualites.com\/wpfr\/wp-json\/wp\/v2\/posts\/742\/revisions\/746"}],"wp:attachment":[{"href":"https:\/\/www.machinisme-actualites.com\/wpfr\/wp-json\/wp\/v2\/media?parent=742"}],"wp:term":[{"taxonomy":"category","embeddable":true,"href":"https:\/\/www.machinisme-actualites.com\/wpfr\/wp-json\/wp\/v2\/categories?post=742"},{"taxonomy":"post_tag","embeddable":true,"href":"https:\/\/www.machinisme-actualites.com\/wpfr\/wp-json\/wp\/v2\/tags?post=742"}],"curies":[{"name":"wp","href":"https:\/\/api.w.org\/{rel}","templated":true}]}}