{"id":8806,"date":"2019-12-02T21:16:41","date_gmt":"2019-12-02T20:16:41","guid":{"rendered":"https:\/\/www.machinisme-actualites.com\/wpfr\/?p=8806"},"modified":"2019-12-05T16:19:15","modified_gmt":"2019-12-05T15:19:15","slug":"new-holland-olivier-le-flohic-nomme-a-la-tete-du-marche-francais","status":"publish","type":"post","link":"https:\/\/www.machinisme-actualites.com\/wpfr\/new-holland-olivier-le-flohic-nomme-a-la-tete-du-marche-francais\/","title":{"rendered":"New Holland : Olivier Le Flohic nomm\u00e9 \u00e0 la t\u00eate du march\u00e9 fran\u00e7ais"},"content":{"rendered":"<p>Ag\u00e9 de 45 ans et ing\u00e9nieur de formation, il a d\u00e9but\u00e9 sa carri\u00e8re chez Fiat en 2002, et a successivement occup\u00e9 les fonctions de Responsable Marketing Op\u00e9rationnel, Responsable Commercial Tracteur dans le Sud-Ouest de la France avant de rejoindre l&rsquo;\u00e9quipe Nord pour prendre en charge la zone Picardie &#8211; Champagne Ardennes. Il rejoint l&rsquo;\u00e9quipe Marketing&#8230; <\/p>\n<div class=\"pmpro\">\n<div class=\"pmpro_card pmpro_content_message\">\n<div class=\"pmpro_card_content\">Cet article est accessible uniquement aux abonn\u00e9s. <a href=\"https:\/\/www.machinisme-actualites.com\/wpfr\/login\/\">Cr\u00e9ez un compte ici<\/a>.<\/div>\n<div class=\"pmpro_card_actions pmpro_font-medium\">Already a member? <a href=\"https:\/\/www.machinisme-actualites.com\/wpfr\/login\/?redirect_to=https%3A%2F%2Fwww.machinisme-actualites.com%2Fwpfr%2Fnew-holland-olivier-le-flohic-nomme-a-la-tete-du-marche-francais%2F\">Connectez-vous ici<\/a><\/div>\n<\/div>\n<\/div>\n","protected":false},"excerpt":{"rendered":"<p>Ag\u00e9 de 45 ans et ing\u00e9nieur de formation, il a d\u00e9but\u00e9 sa carri\u00e8re chez Fiat en 2002, et a successivement occup\u00e9 les fonctions de Responsable Marketing Op\u00e9rationnel, Responsable Commercial Tracteur dans le Sud-Ouest de la France avant de rejoindre l&rsquo;\u00e9quipe Nord pour prendre en charge la zone Picardie &#8211; Champagne Ardennes. Il rejoint l&rsquo;\u00e9quipe Marketing&hellip;... <\/p>\n<div class=\"pmpro\"><div class=\"pmpro_card pmpro_content_message\"><div class=\"pmpro_card_content\">Cet article est accessible uniquement aux abonn\u00e9s. <a href=\"https:\/\/www.machinisme-actualites.com\/wpfr\/login\/\">Cr\u00e9ez un compte ici<\/a>.<\/div><div class=\"pmpro_card_actions pmpro_font-medium\">Already a member? <a href=\"https:\/\/www.machinisme-actualites.com\/wpfr\/login\/?redirect_to=https%3A%2F%2Fwww.machinisme-actualites.com%2Fwpfr%2Fnew-holland-olivier-le-flohic-nomme-a-la-tete-du-marche-francais%2F\">Connectez-vous ici<\/a><\/div><\/div><\/div>","protected":false},"author":659892,"featured_media":8809,"comment_status":"closed","ping_status":"closed","sticky":false,"template":"","format":"standard","meta":{"pmpro_default_level":"","footnotes":""},"categories":[3],"tags":[],"class_list":["post-8806","post","type-post","status-publish","format-standard","has-post-thumbnail","hentry","category-telex","pmpro-level-required","pmpro-level-1","pmpro-level-2","pmpro-level-3","pmpro-no-access","span_1_of_2","masonry-entry","col-","loop-entry col clr"],"_links":{"self":[{"href":"https:\/\/www.machinisme-actualites.com\/wpfr\/wp-json\/wp\/v2\/posts\/8806","targetHints":{"allow":["GET"]}}],"collection":[{"href":"https:\/\/www.machinisme-actualites.com\/wpfr\/wp-json\/wp\/v2\/posts"}],"about":[{"href":"https:\/\/www.machinisme-actualites.com\/wpfr\/wp-json\/wp\/v2\/types\/post"}],"author":[{"embeddable":true,"href":"https:\/\/www.machinisme-actualites.com\/wpfr\/wp-json\/wp\/v2\/users\/659892"}],"replies":[{"embeddable":true,"href":"https:\/\/www.machinisme-actualites.com\/wpfr\/wp-json\/wp\/v2\/comments?post=8806"}],"version-history":[{"count":2,"href":"https:\/\/www.machinisme-actualites.com\/wpfr\/wp-json\/wp\/v2\/posts\/8806\/revisions"}],"predecessor-version":[{"id":8811,"href":"https:\/\/www.machinisme-actualites.com\/wpfr\/wp-json\/wp\/v2\/posts\/8806\/revisions\/8811"}],"wp:featuredmedia":[{"embeddable":true,"href":"https:\/\/www.machinisme-actualites.com\/wpfr\/wp-json\/wp\/v2\/media\/8809"}],"wp:attachment":[{"href":"https:\/\/www.machinisme-actualites.com\/wpfr\/wp-json\/wp\/v2\/media?parent=8806"}],"wp:term":[{"taxonomy":"category","embeddable":true,"href":"https:\/\/www.machinisme-actualites.com\/wpfr\/wp-json\/wp\/v2\/categories?post=8806"},{"taxonomy":"post_tag","embeddable":true,"href":"https:\/\/www.machinisme-actualites.com\/wpfr\/wp-json\/wp\/v2\/tags?post=8806"}],"curies":[{"name":"wp","href":"https:\/\/api.w.org\/{rel}","templated":true}]}}