{"id":8925,"date":"2020-03-31T19:54:41","date_gmt":"2020-03-31T17:54:41","guid":{"rendered":"https:\/\/www.machinisme-actualites.com\/wpfr\/?p=8925"},"modified":"2020-03-31T19:54:41","modified_gmt":"2020-03-31T17:54:41","slug":"covid-19-le-machinisme-agricole-ne-sera-pas-epargne-par-la-crise-selon-le-cema","status":"publish","type":"post","link":"https:\/\/www.machinisme-actualites.com\/wpfr\/covid-19-le-machinisme-agricole-ne-sera-pas-epargne-par-la-crise-selon-le-cema\/","title":{"rendered":"Covid-19 : Le machinisme agricole ne sera pas \u00ab\u00a0\u00e9pargn\u00e9\u00a0\u00bb par la crise, selon le Cema"},"content":{"rendered":"<p>J\u00e9rome Bandry, secr\u00e9taire g\u00e9n\u00e9ral du Cema, explique dans cette interview accord\u00e9e \u00e0 Machinisme-Actualit\u00e9s que les fabricants de machines agricoles de nombreux pays europ\u00e9ens, dont la France, peuvent continuer \u00e0 produire en respectant les protocoles de s\u00e9curit\u00e9 \u00e9dict\u00e9s. Mais, comme de nombreux secteurs \u00e9conomiques, une r\u00e9cession apr\u00e8s la sortie de crise semble in\u00e9vitable.<\/p>\n<p><b>Machinisme-Actualit\u00e9s : Certains constructeurs, comme Fendt, ont d\u00fb arr\u00eater l&rsquo;activit\u00e9 de leur usine (en Bavi\u00e8re) faute d\u2019approvisionnements suffisants, par exemple, en composants venant de Chine, d\u2019Italie ou de France. Avec le d\u00e9veloppement de la pand\u00e9mie, dans le monde, est-il logique de penser que cela va se g\u00e9n\u00e9raliser et comment s\u2019organisent les constructeurs ?<\/b><\/p>\n<p><strong>J\u00e9r\u00f4me Bandry :<\/strong> Effectivement, de nombreux fabricants ont d\u00fb fortement limiter ou arr\u00eater leur production, soit faute de composants soit le temps de mettre en place les mesures n\u00e9cessaires pour pr\u00e9server la sant\u00e9 des travailleurs et contr\u00f4ler la propagation du Covid19.<span class=\"Apple-converted-space\">\u00a0<\/span><\/p>\n<p>Nous devons tout faire pour maintenir notre activit\u00e9 quand cela est possible, car notre industrie est essentielle pour soutenir la chaine agro-alimentaire et la s\u00e9curit\u00e9 alimentaire en Europe. La sant\u00e9 et la s\u00e9curit\u00e9 des employ\u00e9s est bien entendu la premi\u00e8re des priorit\u00e9s pour les fabricants. Mais quand les conditions le permettent, nous devons pouvoir continuer de produire machines, composants et pi\u00e8ces de rechange, de les distribuer et d\u2019en effectuer la maintenance afin d\u2019assurer la continuit\u00e9 de la cha\u00eene agricole pour notre alimentation d\u2019aujourd\u2019hui et de demain.<span class=\"Apple-converted-space\">\u00a0<\/span><\/p>\n<p><strong>Machinisme-Actualit\u00e9s : \u00a0Dans quels pays, la situation pour approvisionner les concessionnaires est elle la plus critique \u00e0 ce jour ?<\/strong><\/p>\n<p><strong>J\u00e9r\u00f4me Bandry :\u00a0<\/strong>Actuellement, il nous semble difficile d\u2019\u00e9tablir un bilan car les mesures changent de jour en jour. Ceci dit, nous avons connaissance qu\u2019en France, Allemagne, Espagne, Hollande, Belgique, R\u00e9publique Tch\u00e8que et Royaume-Uni, les fabricants des machines agricoles peuvent produire en suivant les protocoles de s\u00e9curit\u00e9 \u00e9tablis par les autorit\u00e9s nationales et que les r\u00e9seaux de distribution et r\u00e9paration sont en fonctionnement. Dans le cas de l\u2019Italie, la situation est plus restreinte et reste \u00e0 red\u00e9finir dans les heures ou jours qui viennent.<\/p>\n<p><strong>Machinisme-Actualit\u00e9s : Certains constructeurs se pr\u00e9parent d\u00e9j\u00e0 \u00e0 une baisse de leurs ventes de 20 \u00e0 30 % en 2020 sur le march\u00e9 europ\u00e9en. Est ce que vos pr\u00e9visions vont dans ce sens ?<\/strong><\/p>\n<p><strong>J\u00e9r\u00f4me Bandry :\u00a0<\/strong>Il est trop t\u00f4t pour pouvoir en tirer des conclusions car nous nous trouvons en pleine crise. Cependant, il est certain que le Covid-19 entra\u00eenera une p\u00e9riode de r\u00e9cession sur toute l\u2019\u00e9conomie europ\u00e9enne et malheureusement le secteur du machinisme agricole ne sera pas \u00e9pargn\u00e9. Dans ce sens, le CEMA travaille de pr\u00e8s avec ses membres et les institutions europ\u00e9ennes pour comprendre l\u2019impact de cette crise sur notre secteur et pouvoir \u00e9tablir par la suite des mesures de support et de relance. J&rsquo;invite vos lecteurs a consulter r\u00e9guli\u00e8rement notre barom\u00e8tre europ\u00e9en CEMA mensuel, qui capturait d\u00e9j\u00e0 de fortes inqui\u00e9tudes d\u00e9but Mars.<span class=\"Apple-converted-space\">\u00a0<\/span><\/p>\n<p><strong>Propos recueillis par Jean-Paul H\u00e9brard<\/strong><\/p>\n","protected":false},"excerpt":{"rendered":"<p>J\u00e9rome Bandry, secr\u00e9taire g\u00e9n\u00e9ral du Cema, explique dans cette interview accord\u00e9e \u00e0 Machinisme-Actualit\u00e9s que les fabricants de machines agricoles de nombreux pays europ\u00e9ens, dont la France, peuvent continuer \u00e0 produire en respectant les protocoles de s\u00e9curit\u00e9 \u00e9dict\u00e9s. Mais, comme de nombreux secteurs \u00e9conomiques, une r\u00e9cession apr\u00e8s la sortie de crise semble in\u00e9vitable. Machinisme-Actualit\u00e9s : Certains&hellip;<\/p>\n","protected":false},"author":659892,"featured_media":8926,"comment_status":"closed","ping_status":"closed","sticky":false,"template":"","format":"standard","meta":{"pmpro_default_level":"","footnotes":""},"categories":[1],"tags":[],"class_list":["post-8925","post","type-post","status-publish","format-standard","has-post-thumbnail","hentry","category-non-classe","pmpro-has-access","span_1_of_2","masonry-entry","col-","loop-entry col clr"],"_links":{"self":[{"href":"https:\/\/www.machinisme-actualites.com\/wpfr\/wp-json\/wp\/v2\/posts\/8925","targetHints":{"allow":["GET"]}}],"collection":[{"href":"https:\/\/www.machinisme-actualites.com\/wpfr\/wp-json\/wp\/v2\/posts"}],"about":[{"href":"https:\/\/www.machinisme-actualites.com\/wpfr\/wp-json\/wp\/v2\/types\/post"}],"author":[{"embeddable":true,"href":"https:\/\/www.machinisme-actualites.com\/wpfr\/wp-json\/wp\/v2\/users\/659892"}],"replies":[{"embeddable":true,"href":"https:\/\/www.machinisme-actualites.com\/wpfr\/wp-json\/wp\/v2\/comments?post=8925"}],"version-history":[{"count":1,"href":"https:\/\/www.machinisme-actualites.com\/wpfr\/wp-json\/wp\/v2\/posts\/8925\/revisions"}],"predecessor-version":[{"id":8927,"href":"https:\/\/www.machinisme-actualites.com\/wpfr\/wp-json\/wp\/v2\/posts\/8925\/revisions\/8927"}],"wp:featuredmedia":[{"embeddable":true,"href":"https:\/\/www.machinisme-actualites.com\/wpfr\/wp-json\/wp\/v2\/media\/8926"}],"wp:attachment":[{"href":"https:\/\/www.machinisme-actualites.com\/wpfr\/wp-json\/wp\/v2\/media?parent=8925"}],"wp:term":[{"taxonomy":"category","embeddable":true,"href":"https:\/\/www.machinisme-actualites.com\/wpfr\/wp-json\/wp\/v2\/categories?post=8925"},{"taxonomy":"post_tag","embeddable":true,"href":"https:\/\/www.machinisme-actualites.com\/wpfr\/wp-json\/wp\/v2\/tags?post=8925"}],"curies":[{"name":"wp","href":"https:\/\/api.w.org\/{rel}","templated":true}]}}