{"id":9048,"date":"2020-09-08T20:53:31","date_gmt":"2020-09-08T18:53:31","guid":{"rendered":"https:\/\/www.machinisme-actualites.com\/wpfr\/?p=9048"},"modified":"2020-09-08T20:54:22","modified_gmt":"2020-09-08T18:54:22","slug":"claas-france-leve-le-voile-sur-son-technopole-a-ymeray","status":"publish","type":"post","link":"https:\/\/www.machinisme-actualites.com\/wpfr\/claas-france-leve-le-voile-sur-son-technopole-a-ymeray\/","title":{"rendered":"Claas France l\u00e8ve le voile sur son technop\u00f4le \u00e0 Ymeray"},"content":{"rendered":"<p>Les \u00e9quipes de Claas France ont pris 31 ao\u00fbt, possession de leur lieu de travail \u00e0 Ymeray au Nord de l&rsquo;Eure-et-Loir. Ce technop\u00f4le rassemble tous les m\u00e9tiers de l&rsquo;entreprise. Ce concept \u00ab tout en un \u00bb, qui s&rsquo;\u00e9tend sur 15 hectares, repr\u00e9sente une premi\u00e8re en 65 ans d&rsquo;histoire du groupe en France. Ainsi, les fonctions&#8230; <\/p>\n<div class=\"pmpro\">\n<div class=\"pmpro_card pmpro_content_message\">\n<div class=\"pmpro_card_content\">Cet article est accessible uniquement aux abonn\u00e9s. <a href=\"https:\/\/www.machinisme-actualites.com\/wpfr\/login\/\">Cr\u00e9ez un compte ici<\/a>.<\/div>\n<div class=\"pmpro_card_actions pmpro_font-medium\">Already a member? <a href=\"https:\/\/www.machinisme-actualites.com\/wpfr\/login\/?redirect_to=https%3A%2F%2Fwww.machinisme-actualites.com%2Fwpfr%2Fclaas-france-leve-le-voile-sur-son-technopole-a-ymeray%2F\">Connectez-vous ici<\/a><\/div>\n<\/div>\n<\/div>\n","protected":false},"excerpt":{"rendered":"<p>Les \u00e9quipes de Claas France ont pris 31 ao\u00fbt, possession de leur lieu de travail \u00e0 Ymeray au Nord de l&rsquo;Eure-et-Loir. Ce technop\u00f4le rassemble tous les m\u00e9tiers de l&rsquo;entreprise. Ce concept \u00ab tout en un \u00bb, qui s&rsquo;\u00e9tend sur 15 hectares, repr\u00e9sente une premi\u00e8re en 65 ans d&rsquo;histoire du groupe en France. Ainsi, les fonctions&hellip;... <\/p>\n<div class=\"pmpro\"><div class=\"pmpro_card pmpro_content_message\"><div class=\"pmpro_card_content\">Cet article est accessible uniquement aux abonn\u00e9s. <a href=\"https:\/\/www.machinisme-actualites.com\/wpfr\/login\/\">Cr\u00e9ez un compte ici<\/a>.<\/div><div class=\"pmpro_card_actions pmpro_font-medium\">Already a member? <a href=\"https:\/\/www.machinisme-actualites.com\/wpfr\/login\/?redirect_to=https%3A%2F%2Fwww.machinisme-actualites.com%2Fwpfr%2Fclaas-france-leve-le-voile-sur-son-technopole-a-ymeray%2F\">Connectez-vous ici<\/a><\/div><\/div><\/div>","protected":false},"author":659892,"featured_media":9049,"comment_status":"closed","ping_status":"closed","sticky":false,"template":"","format":"standard","meta":{"pmpro_default_level":"","footnotes":""},"categories":[3],"tags":[],"class_list":["post-9048","post","type-post","status-publish","format-standard","has-post-thumbnail","hentry","category-telex","pmpro-level-required","pmpro-level-1","pmpro-level-2","pmpro-level-3","pmpro-no-access","span_1_of_2","masonry-entry","col-","loop-entry col clr"],"_links":{"self":[{"href":"https:\/\/www.machinisme-actualites.com\/wpfr\/wp-json\/wp\/v2\/posts\/9048","targetHints":{"allow":["GET"]}}],"collection":[{"href":"https:\/\/www.machinisme-actualites.com\/wpfr\/wp-json\/wp\/v2\/posts"}],"about":[{"href":"https:\/\/www.machinisme-actualites.com\/wpfr\/wp-json\/wp\/v2\/types\/post"}],"author":[{"embeddable":true,"href":"https:\/\/www.machinisme-actualites.com\/wpfr\/wp-json\/wp\/v2\/users\/659892"}],"replies":[{"embeddable":true,"href":"https:\/\/www.machinisme-actualites.com\/wpfr\/wp-json\/wp\/v2\/comments?post=9048"}],"version-history":[{"count":3,"href":"https:\/\/www.machinisme-actualites.com\/wpfr\/wp-json\/wp\/v2\/posts\/9048\/revisions"}],"predecessor-version":[{"id":9052,"href":"https:\/\/www.machinisme-actualites.com\/wpfr\/wp-json\/wp\/v2\/posts\/9048\/revisions\/9052"}],"wp:featuredmedia":[{"embeddable":true,"href":"https:\/\/www.machinisme-actualites.com\/wpfr\/wp-json\/wp\/v2\/media\/9049"}],"wp:attachment":[{"href":"https:\/\/www.machinisme-actualites.com\/wpfr\/wp-json\/wp\/v2\/media?parent=9048"}],"wp:term":[{"taxonomy":"category","embeddable":true,"href":"https:\/\/www.machinisme-actualites.com\/wpfr\/wp-json\/wp\/v2\/categories?post=9048"},{"taxonomy":"post_tag","embeddable":true,"href":"https:\/\/www.machinisme-actualites.com\/wpfr\/wp-json\/wp\/v2\/tags?post=9048"}],"curies":[{"name":"wp","href":"https:\/\/api.w.org\/{rel}","templated":true}]}}