{"id":9060,"date":"2020-09-23T21:13:42","date_gmt":"2020-09-23T19:13:42","guid":{"rendered":"https:\/\/www.machinisme-actualites.com\/wpfr\/?p=9060"},"modified":"2020-09-23T21:28:48","modified_gmt":"2020-09-23T19:28:48","slug":"le-report-du-sima-decide-uniquement-a-cause-dun-contexte-sanitaire-incertain","status":"publish","type":"post","link":"https:\/\/www.machinisme-actualites.com\/wpfr\/le-report-du-sima-decide-uniquement-a-cause-dun-contexte-sanitaire-incertain\/","title":{"rendered":"Le report du SIMA \u00ab\u00a0ne remet pas en cause sur le long terme les nouvelles ambitions du salon\u00a0\u00bb"},"content":{"rendered":"<p>L&rsquo;annonce du report du SIMA du mois de f\u00e9vrier 2021 au mois de novembre 2022 a provoqu\u00e9 une petite d\u00e9flagration dans le secteur du machinisme agricole. Quels ont \u00e9t\u00e9 les motifs de ce report ? Pourquoi avoir choisi l&rsquo;automne 2022 pour la prochaine \u00e9dition ? Isabelle Alfano, (en photo de Une), directrice du SIMA, explique&#8230; <\/p>\n<div class=\"pmpro\">\n<div class=\"pmpro_card pmpro_content_message\">\n<div class=\"pmpro_card_content\">Cet article est accessible uniquement aux abonn\u00e9s. <a href=\"https:\/\/www.machinisme-actualites.com\/wpfr\/login\/\">Cr\u00e9ez un compte ici<\/a>.<\/div>\n<div class=\"pmpro_card_actions pmpro_font-medium\">Already a member? <a href=\"https:\/\/www.machinisme-actualites.com\/wpfr\/login\/?redirect_to=https%3A%2F%2Fwww.machinisme-actualites.com%2Fwpfr%2Fle-report-du-sima-decide-uniquement-a-cause-dun-contexte-sanitaire-incertain%2F\">Connectez-vous ici<\/a><\/div>\n<\/div>\n<\/div>\n","protected":false},"excerpt":{"rendered":"<p>L&rsquo;annonce du report du SIMA du mois de f\u00e9vrier 2021 au mois de novembre 2022 a provoqu\u00e9 une petite d\u00e9flagration dans le secteur du machinisme agricole. Quels ont \u00e9t\u00e9 les motifs de ce report ? Pourquoi avoir choisi l&rsquo;automne 2022 pour la prochaine \u00e9dition ? Isabelle Alfano, (en photo de Une), directrice du SIMA, explique&hellip;... <\/p>\n<div class=\"pmpro\"><div class=\"pmpro_card pmpro_content_message\"><div class=\"pmpro_card_content\">Cet article est accessible uniquement aux abonn\u00e9s. <a href=\"https:\/\/www.machinisme-actualites.com\/wpfr\/login\/\">Cr\u00e9ez un compte ici<\/a>.<\/div><div class=\"pmpro_card_actions pmpro_font-medium\">Already a member? <a href=\"https:\/\/www.machinisme-actualites.com\/wpfr\/login\/?redirect_to=https%3A%2F%2Fwww.machinisme-actualites.com%2Fwpfr%2Fle-report-du-sima-decide-uniquement-a-cause-dun-contexte-sanitaire-incertain%2F\">Connectez-vous ici<\/a><\/div><\/div><\/div>","protected":false},"author":659892,"featured_media":9061,"comment_status":"closed","ping_status":"closed","sticky":false,"template":"","format":"standard","meta":{"pmpro_default_level":"","footnotes":""},"categories":[2],"tags":[],"class_list":["post-9060","post","type-post","status-publish","format-standard","has-post-thumbnail","hentry","category-alaune","pmpro-level-required","pmpro-level-1","pmpro-level-2","pmpro-level-3","pmpro-no-access","span_1_of_2","masonry-entry","col-","loop-entry col clr"],"_links":{"self":[{"href":"https:\/\/www.machinisme-actualites.com\/wpfr\/wp-json\/wp\/v2\/posts\/9060","targetHints":{"allow":["GET"]}}],"collection":[{"href":"https:\/\/www.machinisme-actualites.com\/wpfr\/wp-json\/wp\/v2\/posts"}],"about":[{"href":"https:\/\/www.machinisme-actualites.com\/wpfr\/wp-json\/wp\/v2\/types\/post"}],"author":[{"embeddable":true,"href":"https:\/\/www.machinisme-actualites.com\/wpfr\/wp-json\/wp\/v2\/users\/659892"}],"replies":[{"embeddable":true,"href":"https:\/\/www.machinisme-actualites.com\/wpfr\/wp-json\/wp\/v2\/comments?post=9060"}],"version-history":[{"count":6,"href":"https:\/\/www.machinisme-actualites.com\/wpfr\/wp-json\/wp\/v2\/posts\/9060\/revisions"}],"predecessor-version":[{"id":9067,"href":"https:\/\/www.machinisme-actualites.com\/wpfr\/wp-json\/wp\/v2\/posts\/9060\/revisions\/9067"}],"wp:featuredmedia":[{"embeddable":true,"href":"https:\/\/www.machinisme-actualites.com\/wpfr\/wp-json\/wp\/v2\/media\/9061"}],"wp:attachment":[{"href":"https:\/\/www.machinisme-actualites.com\/wpfr\/wp-json\/wp\/v2\/media?parent=9060"}],"wp:term":[{"taxonomy":"category","embeddable":true,"href":"https:\/\/www.machinisme-actualites.com\/wpfr\/wp-json\/wp\/v2\/categories?post=9060"},{"taxonomy":"post_tag","embeddable":true,"href":"https:\/\/www.machinisme-actualites.com\/wpfr\/wp-json\/wp\/v2\/tags?post=9060"}],"curies":[{"name":"wp","href":"https:\/\/api.w.org\/{rel}","templated":true}]}}