{"id":9430,"date":"2022-09-22T16:08:56","date_gmt":"2022-09-22T14:08:56","guid":{"rendered":"https:\/\/www.machinisme-actualites.com\/wpfr\/?p=9430"},"modified":"2022-09-22T16:08:57","modified_gmt":"2022-09-22T14:08:57","slug":"le-marche-des-tracteurs-europeen-est-il-en-recession","status":"publish","type":"post","link":"https:\/\/www.machinisme-actualites.com\/wpfr\/le-marche-des-tracteurs-europeen-est-il-en-recession\/","title":{"rendered":"Le march\u00e9 des tracteurs europ\u00e9en est-il en r\u00e9cession ?"},"content":{"rendered":"<p>Environ 82 000 nouvelles immatriculations de tracteurs ont \u00e9t\u00e9 enregistr\u00e9es au premier semestre 2022. Cela repr\u00e9sente une diminution de 8,1% par rapport \u00e0 la m\u00eame p\u00e9riode l&rsquo;ann\u00e9e pass\u00e9e. Selon l&rsquo;association des constructeurs europ\u00e9ens de machines agricoles, cette situation d\u00e9coule toujours des\u00a0difficult\u00e9s d&rsquo;approvisionnement rencontr\u00e9es par les fabricants. A noter que la tranche de puissance comprise entre&#8230; <\/p>\n<div class=\"pmpro\">\n<div class=\"pmpro_card pmpro_content_message\">\n<div class=\"pmpro_card_content\">Cet article est accessible uniquement aux abonn\u00e9s. <a href=\"https:\/\/www.machinisme-actualites.com\/wpfr\/login\/\">Cr\u00e9ez un compte ici<\/a>.<\/div>\n<div class=\"pmpro_card_actions pmpro_font-medium\">Already a member? <a href=\"https:\/\/www.machinisme-actualites.com\/wpfr\/login\/?redirect_to=https%3A%2F%2Fwww.machinisme-actualites.com%2Fwpfr%2Fle-marche-des-tracteurs-europeen-est-il-en-recession%2F\">Connectez-vous ici<\/a><\/div>\n<\/div>\n<\/div>\n","protected":false},"excerpt":{"rendered":"<p>Environ 82 000 nouvelles immatriculations de tracteurs ont \u00e9t\u00e9 enregistr\u00e9es au premier semestre 2022. Cela repr\u00e9sente une diminution de 8,1% par rapport \u00e0 la m\u00eame p\u00e9riode l&rsquo;ann\u00e9e pass\u00e9e. Selon l&rsquo;association des constructeurs europ\u00e9ens de machines agricoles, cette situation d\u00e9coule toujours des\u00a0difficult\u00e9s d&rsquo;approvisionnement rencontr\u00e9es par les fabricants. A noter que la tranche de puissance comprise entre&hellip;... <\/p>\n<div class=\"pmpro\"><div class=\"pmpro_card pmpro_content_message\"><div class=\"pmpro_card_content\">Cet article est accessible uniquement aux abonn\u00e9s. <a href=\"https:\/\/www.machinisme-actualites.com\/wpfr\/login\/\">Cr\u00e9ez un compte ici<\/a>.<\/div><div class=\"pmpro_card_actions pmpro_font-medium\">Already a member? <a href=\"https:\/\/www.machinisme-actualites.com\/wpfr\/login\/?redirect_to=https%3A%2F%2Fwww.machinisme-actualites.com%2Fwpfr%2Fle-marche-des-tracteurs-europeen-est-il-en-recession%2F\">Connectez-vous ici<\/a><\/div><\/div><\/div>","protected":false},"author":659892,"featured_media":9367,"comment_status":"closed","ping_status":"closed","sticky":false,"template":"","format":"standard","meta":{"pmpro_default_level":"","footnotes":""},"categories":[3],"tags":[],"class_list":["post-9430","post","type-post","status-publish","format-standard","has-post-thumbnail","hentry","category-telex","pmpro-level-required","pmpro-level-1","pmpro-level-2","pmpro-level-3","pmpro-no-access","span_1_of_2","masonry-entry","col-","loop-entry col clr"],"_links":{"self":[{"href":"https:\/\/www.machinisme-actualites.com\/wpfr\/wp-json\/wp\/v2\/posts\/9430","targetHints":{"allow":["GET"]}}],"collection":[{"href":"https:\/\/www.machinisme-actualites.com\/wpfr\/wp-json\/wp\/v2\/posts"}],"about":[{"href":"https:\/\/www.machinisme-actualites.com\/wpfr\/wp-json\/wp\/v2\/types\/post"}],"author":[{"embeddable":true,"href":"https:\/\/www.machinisme-actualites.com\/wpfr\/wp-json\/wp\/v2\/users\/659892"}],"replies":[{"embeddable":true,"href":"https:\/\/www.machinisme-actualites.com\/wpfr\/wp-json\/wp\/v2\/comments?post=9430"}],"version-history":[{"count":1,"href":"https:\/\/www.machinisme-actualites.com\/wpfr\/wp-json\/wp\/v2\/posts\/9430\/revisions"}],"predecessor-version":[{"id":9431,"href":"https:\/\/www.machinisme-actualites.com\/wpfr\/wp-json\/wp\/v2\/posts\/9430\/revisions\/9431"}],"wp:featuredmedia":[{"embeddable":true,"href":"https:\/\/www.machinisme-actualites.com\/wpfr\/wp-json\/wp\/v2\/media\/9367"}],"wp:attachment":[{"href":"https:\/\/www.machinisme-actualites.com\/wpfr\/wp-json\/wp\/v2\/media?parent=9430"}],"wp:term":[{"taxonomy":"category","embeddable":true,"href":"https:\/\/www.machinisme-actualites.com\/wpfr\/wp-json\/wp\/v2\/categories?post=9430"},{"taxonomy":"post_tag","embeddable":true,"href":"https:\/\/www.machinisme-actualites.com\/wpfr\/wp-json\/wp\/v2\/tags?post=9430"}],"curies":[{"name":"wp","href":"https:\/\/api.w.org\/{rel}","templated":true}]}}