{"id":9461,"date":"2022-12-02T20:08:41","date_gmt":"2022-12-02T19:08:41","guid":{"rendered":"https:\/\/www.machinisme-actualites.com\/wpfr\/?p=9461"},"modified":"2022-12-02T20:08:42","modified_gmt":"2022-12-02T19:08:42","slug":"thierry-krier-reconduit-a-la-tete-du-cema","status":"publish","type":"post","link":"https:\/\/www.machinisme-actualites.com\/wpfr\/thierry-krier-reconduit-a-la-tete-du-cema\/","title":{"rendered":"Thierry Krier reconduit \u00e0 la t\u00eate du CEMA"},"content":{"rendered":"<p>Deux ans apr\u00e8s son \u00e9lection \u00e0 la pr\u00e9sidence de l&rsquo;association des constructeurs europ\u00e9ens, le PDG de Kuhn a \u00e9t\u00e9 r\u00e9\u00e9lu le 30 novembre dernier, de nouveau pour une dur\u00e9e de deux ans. Paul Snauwaert (CNH Industrial) et Anthony van der Ley (Lemken, VDMA) ont chacun \u00e9t\u00e9 confirm\u00e9s aux postes de vice-Presidents. Alessandro Malavolti (AMA, FederUnacoma)&#8230; <\/p>\n<div class=\"pmpro\">\n<div class=\"pmpro_card pmpro_content_message\">\n<div class=\"pmpro_card_content\">Cet article est accessible uniquement aux abonn\u00e9s. <a href=\"https:\/\/www.machinisme-actualites.com\/wpfr\/login\/\">Cr\u00e9ez un compte ici<\/a>.<\/div>\n<div class=\"pmpro_card_actions pmpro_font-medium\">Already a member? <a href=\"https:\/\/www.machinisme-actualites.com\/wpfr\/login\/?redirect_to=https%3A%2F%2Fwww.machinisme-actualites.com%2Fwpfr%2Fthierry-krier-reconduit-a-la-tete-du-cema%2F\">Connectez-vous ici<\/a><\/div>\n<\/div>\n<\/div>\n","protected":false},"excerpt":{"rendered":"<p>Deux ans apr\u00e8s son \u00e9lection \u00e0 la pr\u00e9sidence de l&rsquo;association des constructeurs europ\u00e9ens, le PDG de Kuhn a \u00e9t\u00e9 r\u00e9\u00e9lu le 30 novembre dernier, de nouveau pour une dur\u00e9e de deux ans. Paul Snauwaert (CNH Industrial) et Anthony van der Ley (Lemken, VDMA) ont chacun \u00e9t\u00e9 confirm\u00e9s aux postes de vice-Presidents. Alessandro Malavolti (AMA, FederUnacoma)&hellip;... <\/p>\n<div class=\"pmpro\"><div class=\"pmpro_card pmpro_content_message\"><div class=\"pmpro_card_content\">Cet article est accessible uniquement aux abonn\u00e9s. <a href=\"https:\/\/www.machinisme-actualites.com\/wpfr\/login\/\">Cr\u00e9ez un compte ici<\/a>.<\/div><div class=\"pmpro_card_actions pmpro_font-medium\">Already a member? <a href=\"https:\/\/www.machinisme-actualites.com\/wpfr\/login\/?redirect_to=https%3A%2F%2Fwww.machinisme-actualites.com%2Fwpfr%2Fthierry-krier-reconduit-a-la-tete-du-cema%2F\">Connectez-vous ici<\/a><\/div><\/div><\/div>","protected":false},"author":659892,"featured_media":9462,"comment_status":"closed","ping_status":"closed","sticky":false,"template":"","format":"standard","meta":{"pmpro_default_level":"","footnotes":""},"categories":[3],"tags":[],"class_list":["post-9461","post","type-post","status-publish","format-standard","has-post-thumbnail","hentry","category-telex","pmpro-level-required","pmpro-level-1","pmpro-level-2","pmpro-level-3","pmpro-no-access","span_1_of_2","masonry-entry","col-","loop-entry col clr"],"_links":{"self":[{"href":"https:\/\/www.machinisme-actualites.com\/wpfr\/wp-json\/wp\/v2\/posts\/9461","targetHints":{"allow":["GET"]}}],"collection":[{"href":"https:\/\/www.machinisme-actualites.com\/wpfr\/wp-json\/wp\/v2\/posts"}],"about":[{"href":"https:\/\/www.machinisme-actualites.com\/wpfr\/wp-json\/wp\/v2\/types\/post"}],"author":[{"embeddable":true,"href":"https:\/\/www.machinisme-actualites.com\/wpfr\/wp-json\/wp\/v2\/users\/659892"}],"replies":[{"embeddable":true,"href":"https:\/\/www.machinisme-actualites.com\/wpfr\/wp-json\/wp\/v2\/comments?post=9461"}],"version-history":[{"count":1,"href":"https:\/\/www.machinisme-actualites.com\/wpfr\/wp-json\/wp\/v2\/posts\/9461\/revisions"}],"predecessor-version":[{"id":9463,"href":"https:\/\/www.machinisme-actualites.com\/wpfr\/wp-json\/wp\/v2\/posts\/9461\/revisions\/9463"}],"wp:featuredmedia":[{"embeddable":true,"href":"https:\/\/www.machinisme-actualites.com\/wpfr\/wp-json\/wp\/v2\/media\/9462"}],"wp:attachment":[{"href":"https:\/\/www.machinisme-actualites.com\/wpfr\/wp-json\/wp\/v2\/media?parent=9461"}],"wp:term":[{"taxonomy":"category","embeddable":true,"href":"https:\/\/www.machinisme-actualites.com\/wpfr\/wp-json\/wp\/v2\/categories?post=9461"},{"taxonomy":"post_tag","embeddable":true,"href":"https:\/\/www.machinisme-actualites.com\/wpfr\/wp-json\/wp\/v2\/tags?post=9461"}],"curies":[{"name":"wp","href":"https:\/\/api.w.org\/{rel}","templated":true}]}}