{"id":9491,"date":"2023-03-30T16:26:28","date_gmt":"2023-03-30T14:26:28","guid":{"rendered":"https:\/\/www.machinisme-actualites.com\/wpfr\/?p=9491"},"modified":"2023-03-30T16:26:30","modified_gmt":"2023-03-30T14:26:30","slug":"jan-hendrik-mohr-devient-le-nouveau-pdg-de-claas","status":"publish","type":"post","link":"https:\/\/www.machinisme-actualites.com\/wpfr\/jan-hendrik-mohr-devient-le-nouveau-pdg-de-claas\/","title":{"rendered":"Jan-Hendrik Mohr devient le nouveau PDG de Claas"},"content":{"rendered":"<p>L&rsquo;actuel PDG Thomas B\u00f6ck avait en effet d\u00e9cid\u00e9 de quitter son poste de PDG du Groupe CLAAS pour se consacrer \u00e0 de nouvelles t\u00e2ches. Ing\u00e9nieur dipl\u00f4m\u00e9, Jan-Hendrik Mohr travaille depuis 1984 au sein du Groupe et assume depuis lors un nombre croissant de responsabilit\u00e9s. Il est membre de la direction du Groupe depuis 2008. Actuellement,&#8230; <\/p>\n<div class=\"pmpro\">\n<div class=\"pmpro_card pmpro_content_message\">\n<div class=\"pmpro_card_content\">Cet article est accessible uniquement aux abonn\u00e9s. <a href=\"https:\/\/www.machinisme-actualites.com\/wpfr\/login\/\">Cr\u00e9ez un compte ici<\/a>.<\/div>\n<div class=\"pmpro_card_actions pmpro_font-medium\">Already a member? <a href=\"https:\/\/www.machinisme-actualites.com\/wpfr\/login\/?redirect_to=https%3A%2F%2Fwww.machinisme-actualites.com%2Fwpfr%2Fjan-hendrik-mohr-devient-le-nouveau-pdg-de-claas%2F\">Connectez-vous ici<\/a><\/div>\n<\/div>\n<\/div>\n","protected":false},"excerpt":{"rendered":"<p>L&rsquo;actuel PDG Thomas B\u00f6ck avait en effet d\u00e9cid\u00e9 de quitter son poste de PDG du Groupe CLAAS pour se consacrer \u00e0 de nouvelles t\u00e2ches. Ing\u00e9nieur dipl\u00f4m\u00e9, Jan-Hendrik Mohr travaille depuis 1984 au sein du Groupe et assume depuis lors un nombre croissant de responsabilit\u00e9s. Il est membre de la direction du Groupe depuis 2008. Actuellement,&hellip;... <\/p>\n<div class=\"pmpro\"><div class=\"pmpro_card pmpro_content_message\"><div class=\"pmpro_card_content\">Cet article est accessible uniquement aux abonn\u00e9s. <a href=\"https:\/\/www.machinisme-actualites.com\/wpfr\/login\/\">Cr\u00e9ez un compte ici<\/a>.<\/div><div class=\"pmpro_card_actions pmpro_font-medium\">Already a member? <a href=\"https:\/\/www.machinisme-actualites.com\/wpfr\/login\/?redirect_to=https%3A%2F%2Fwww.machinisme-actualites.com%2Fwpfr%2Fjan-hendrik-mohr-devient-le-nouveau-pdg-de-claas%2F\">Connectez-vous ici<\/a><\/div><\/div><\/div>","protected":false},"author":659892,"featured_media":9492,"comment_status":"closed","ping_status":"closed","sticky":false,"template":"","format":"standard","meta":{"pmpro_default_level":"","footnotes":""},"categories":[2],"tags":[],"class_list":["post-9491","post","type-post","status-publish","format-standard","has-post-thumbnail","hentry","category-alaune","pmpro-level-required","pmpro-level-1","pmpro-level-2","pmpro-level-3","pmpro-no-access","span_1_of_2","masonry-entry","col-","loop-entry col clr"],"_links":{"self":[{"href":"https:\/\/www.machinisme-actualites.com\/wpfr\/wp-json\/wp\/v2\/posts\/9491","targetHints":{"allow":["GET"]}}],"collection":[{"href":"https:\/\/www.machinisme-actualites.com\/wpfr\/wp-json\/wp\/v2\/posts"}],"about":[{"href":"https:\/\/www.machinisme-actualites.com\/wpfr\/wp-json\/wp\/v2\/types\/post"}],"author":[{"embeddable":true,"href":"https:\/\/www.machinisme-actualites.com\/wpfr\/wp-json\/wp\/v2\/users\/659892"}],"replies":[{"embeddable":true,"href":"https:\/\/www.machinisme-actualites.com\/wpfr\/wp-json\/wp\/v2\/comments?post=9491"}],"version-history":[{"count":1,"href":"https:\/\/www.machinisme-actualites.com\/wpfr\/wp-json\/wp\/v2\/posts\/9491\/revisions"}],"predecessor-version":[{"id":9493,"href":"https:\/\/www.machinisme-actualites.com\/wpfr\/wp-json\/wp\/v2\/posts\/9491\/revisions\/9493"}],"wp:featuredmedia":[{"embeddable":true,"href":"https:\/\/www.machinisme-actualites.com\/wpfr\/wp-json\/wp\/v2\/media\/9492"}],"wp:attachment":[{"href":"https:\/\/www.machinisme-actualites.com\/wpfr\/wp-json\/wp\/v2\/media?parent=9491"}],"wp:term":[{"taxonomy":"category","embeddable":true,"href":"https:\/\/www.machinisme-actualites.com\/wpfr\/wp-json\/wp\/v2\/categories?post=9491"},{"taxonomy":"post_tag","embeddable":true,"href":"https:\/\/www.machinisme-actualites.com\/wpfr\/wp-json\/wp\/v2\/tags?post=9491"}],"curies":[{"name":"wp","href":"https:\/\/api.w.org\/{rel}","templated":true}]}}