{"id":975,"date":"2013-11-10T14:34:35","date_gmt":"2013-11-10T13:34:35","guid":{"rendered":"https:\/\/www.machinisme-actualites.com\/wpfr\/?p=975"},"modified":"2013-11-11T13:37:17","modified_gmt":"2013-11-11T12:37:17","slug":"agritechnica-les-elus-du-tractor-of-the-year-2014","status":"publish","type":"post","link":"https:\/\/www.machinisme-actualites.com\/wpfr\/agritechnica-les-elus-du-tractor-of-the-year-2014\/","title":{"rendered":"Agritechnica : Les \u00e9lus du Tractor of the Year 2014"},"content":{"rendered":"<p>\u00c7a y est ! Le Tractor of the Year vient d&rsquo;\u00eatre d\u00e9voil\u00e9 \u00e0 l&rsquo;Agritechnica. The Tractor of the Year 2014 est le Claas Axion 850 ! Dans la cat\u00e9gorie design, c&rsquo;est le Lamborghini Nitro 130 qui a re\u00e7u l&rsquo;award europ\u00e9en et le porteur polyvalent Aebi a \u00e9t\u00e9 r\u00e9compens\u00e9 dans la cat\u00e9gorie des tracteurs sp\u00e9cialis\u00e9s&#8230;. <\/p>\n<div class=\"pmpro\">\n<div class=\"pmpro_card pmpro_content_message\">\n<div class=\"pmpro_card_content\">Cet article est accessible uniquement aux abonn\u00e9s. <a href=\"https:\/\/www.machinisme-actualites.com\/wpfr\/login\/\">Cr\u00e9ez un compte ici<\/a>.<\/div>\n<div class=\"pmpro_card_actions pmpro_font-medium\">Already a member? <a href=\"https:\/\/www.machinisme-actualites.com\/wpfr\/login\/?redirect_to=https%3A%2F%2Fwww.machinisme-actualites.com%2Fwpfr%2Fagritechnica-les-elus-du-tractor-of-the-year-2014%2F\">Connectez-vous ici<\/a><\/div>\n<\/div>\n<\/div>\n","protected":false},"excerpt":{"rendered":"<p>\u00c7a y est ! Le Tractor of the Year vient d&rsquo;\u00eatre d\u00e9voil\u00e9 \u00e0 l&rsquo;Agritechnica. The Tractor of the Year 2014 est le Claas Axion 850 ! Dans la cat\u00e9gorie design, c&rsquo;est le Lamborghini Nitro 130 qui a re\u00e7u l&rsquo;award europ\u00e9en et le porteur polyvalent Aebi a \u00e9t\u00e9 r\u00e9compens\u00e9 dans la cat\u00e9gorie des tracteurs sp\u00e9cialis\u00e9s.... <\/p>\n<div class=\"pmpro\"><div class=\"pmpro_card pmpro_content_message\"><div class=\"pmpro_card_content\">Cet article est accessible uniquement aux abonn\u00e9s. <a href=\"https:\/\/www.machinisme-actualites.com\/wpfr\/login\/\">Cr\u00e9ez un compte ici<\/a>.<\/div><div class=\"pmpro_card_actions pmpro_font-medium\">Already a member? <a href=\"https:\/\/www.machinisme-actualites.com\/wpfr\/login\/?redirect_to=https%3A%2F%2Fwww.machinisme-actualites.com%2Fwpfr%2Fagritechnica-les-elus-du-tractor-of-the-year-2014%2F\">Connectez-vous ici<\/a><\/div><\/div><\/div>","protected":false},"author":659892,"featured_media":0,"comment_status":"closed","ping_status":"closed","sticky":false,"template":"","format":"standard","meta":{"pmpro_default_level":"","footnotes":""},"categories":[3],"tags":[167,535],"class_list":["post-975","post","type-post","status-publish","format-standard","hentry","category-telex","tag-agritechnica","tag-tractor-of-the-year","pmpro-level-required","pmpro-level-1","pmpro-level-2","pmpro-level-3","pmpro-no-access","span_1_of_2","masonry-entry","col-","loop-entry col clr"],"_links":{"self":[{"href":"https:\/\/www.machinisme-actualites.com\/wpfr\/wp-json\/wp\/v2\/posts\/975","targetHints":{"allow":["GET"]}}],"collection":[{"href":"https:\/\/www.machinisme-actualites.com\/wpfr\/wp-json\/wp\/v2\/posts"}],"about":[{"href":"https:\/\/www.machinisme-actualites.com\/wpfr\/wp-json\/wp\/v2\/types\/post"}],"author":[{"embeddable":true,"href":"https:\/\/www.machinisme-actualites.com\/wpfr\/wp-json\/wp\/v2\/users\/659892"}],"replies":[{"embeddable":true,"href":"https:\/\/www.machinisme-actualites.com\/wpfr\/wp-json\/wp\/v2\/comments?post=975"}],"version-history":[{"count":5,"href":"https:\/\/www.machinisme-actualites.com\/wpfr\/wp-json\/wp\/v2\/posts\/975\/revisions"}],"predecessor-version":[{"id":978,"href":"https:\/\/www.machinisme-actualites.com\/wpfr\/wp-json\/wp\/v2\/posts\/975\/revisions\/978"}],"wp:attachment":[{"href":"https:\/\/www.machinisme-actualites.com\/wpfr\/wp-json\/wp\/v2\/media?parent=975"}],"wp:term":[{"taxonomy":"category","embeddable":true,"href":"https:\/\/www.machinisme-actualites.com\/wpfr\/wp-json\/wp\/v2\/categories?post=975"},{"taxonomy":"post_tag","embeddable":true,"href":"https:\/\/www.machinisme-actualites.com\/wpfr\/wp-json\/wp\/v2\/tags?post=975"}],"curies":[{"name":"wp","href":"https:\/\/api.w.org\/{rel}","templated":true}]}}